{"id":721596,"date":"2016-07-06T17:28:14","date_gmt":"2016-07-06T15:28:14","guid":{"rendered":"https:\/\/dailynewshungary.com\/it\/il-ministro-degli-esteri-del-kirghizistan-tiene-colloqui-a-budapest\/"},"modified":"2016-07-06T17:28:14","modified_gmt":"2016-07-06T15:28:14","slug":"il-ministro-degli-esteri-del-kirghizistan-tiene-colloqui-a-budapest","status":"publish","type":"post","link":"https:\/\/dailynewshungary.com\/it\/il-ministro-degli-esteri-del-kirghizistan-tiene-colloqui-a-budapest\/","title":{"rendered":"Il ministro degli Esteri del Kirghizistan tiene colloqui a Budapest"},"content":{"rendered":"<p><strong>Budapest, 6 luglio (MTI) Il vice primo ministro Zsolt Semj\u00e9n ha discusso delle relazioni ungherese-kirghise con Erlan Abdyldaev, ministro degli esteri del Kirghizistan, in una riunione in Parlamento mercoled\u00ec, ha detto il capo stampa del primo ministro Anche il ministro degli esteri ungherese ha discusso delle relazioni UE-Eurasia e della cooperazione bilaterale con il ministro degli esteri kirghiso.&nbsp;<\/strong><\/p>\n<p><strong>Il vice primo ministro riceve il ministro degli Esteri kirghiso<\/strong><\/p>\n<p>Semj\u00e9n ha affermato che i due paesi stanno cercando di continuare ad approfondire i loro legami firmando accordi di cooperazione economica e educativa e istituendo un comitato misto economico.<\/p>\n<p>L\u2019Ungheria considera l\u2019Asia centrale un futuro centro chiave dell\u2019economia globale e sostiene il progresso della cooperazione tra la Repubblica del Kirghizistan e l\u2019Unione Europea, nonch\u00e9 tra l\u2019UE e l\u2019Unione economica eurasiatica.<\/p>\n<p>Abdyldaev ha espresso il suo sostegno alla politica estera dell&#8217;Ungheria di apertura all&#8217;Est e ha affermato che il suo Paese vede un grande potenziale nello sviluppo dei suoi legami economici e culturali con l&#8217;Ungheria.<\/p>\n<p><strong>I ministri degli Esteri ungherese e kirghiso tengono colloqui<\/strong><\/p>\n<p><img loading=\"lazy\" decoding=\"async\" class=\"size-medium wp-image-73868 alignleft\" src=\"https:\/\/dailynewshungary.com\/wp-content\/uploads\/2016\/07\/D_SOS20160706017-205x300.jpg\" alt=\"ABDILDAJEV, Erlan; Szijj\u00e1rt\u00f3 P\u00e9ter\" width=\"205\" height=\"300\" srcset=\"https:\/\/contentf5.dailynewshungary.com\/wp-content\/uploads\/2016\/07\/D_SOS20160706017-205x300.jpg 205w, https:\/\/contentf5.dailynewshungary.com\/wp-content\/uploads\/2016\/07\/D_SOS20160706017-768x1126.jpg 768w, https:\/\/contentf5.dailynewshungary.com\/wp-content\/uploads\/2016\/07\/D_SOS20160706017-698x1024.jpg 698w, https:\/\/contentf5.dailynewshungary.com\/wp-content\/uploads\/2016\/07\/D_SOS20160706017-150x220.jpg 150w, https:\/\/contentf5.dailynewshungary.com\/wp-content\/uploads\/2016\/07\/D_SOS20160706017-610x894.jpg 610w\" sizes=\"auto, (max-width: 205px) 100vw, 205px\">Szijj\u00e1rt\u00f3 ha dichiarato in una conferenza stampa dopo l&#8217;incontro di essere d&#8217;accordo sull&#8217;importanza di mantenere la possibilit\u00e0 di una cooperazione pragmatica tra l&#8217;UE e l&#8217;Unione economica eurasiatica.<\/p>\n<p>Ha detto che i due paesi hanno stretto un accordo di cooperazione globale nel campo della cultura e dell&#8217;istruzione. In base all&#8217;accordo, 25 studiosi kirghisi inizieranno i loro studi in Ungheria l&#8217;anno prossimo e gli studenti kirghisi prenderanno parte ai programmi di formazione della FAO a Budapest.<\/p>\n<p>Abdyldaev ha accolto con favore le intense relazioni bilaterali e ha sottolineato la necessit\u00e0 di rafforzare ulteriormente la cooperazione economica in futuro.<\/p>\n<p><em>Foto: MTI<\/em><\/p>\n<p>&nbsp;<\/p>\n","protected":false},"excerpt":{"rendered":"<p>Budapest, 6 luglio (MTI) Il vice primo ministro Zsolt Semj\u00e9n ha discusso delle relazioni ungherese-kirghise con Erlan Abdyldaev, ministro degli esteri del Kirghizistan, in una riunione in Parlamento mercoled\u00ec, ha detto il capo stampa del primo ministro Anche il ministro degli esteri ungherese ha discusso delle relazioni UE-Eurasia e della cooperazione bilaterale con il ministro [&hellip;]<\/p>\n","protected":false},"author":2,"featured_media":721597,"comment_status":"open","ping_status":"open","sticky":false,"template":"","format":"standard","meta":{"_display_image":"","footnotes":""},"categories":[1185],"tags":[1157,1132,1092],"class_list":["post-721596","post","type-post","status-publish","format-standard","has-post-thumbnail","hentry","category-politica-in-ungheria","tag-asia","tag-economia","tag-ministero-degli-affari-esteri-dellungheria"],"blocksy_meta":[],"author_username":"alk","telegram_post":"","public_post_metadata":{"breaking_news":"","important":"","csempe":"","center_tile":"","disable_thumbnail":"","target_lang":"","_featured_image_style":"","telegram_post":"","_xlat_group_id":""},"public_rank_math_data":{"title":"%titolo% %sep% %nomesito%","description":"","focus_keyword":"","canonical_url":"","robots":"","primary_category":"1185","breadcrumb_title":"","facebook_title":"","facebook_description":"","facebook_image":"","facebook_image_id":"","twitter_title":"","twitter_description":"","twitter_image":"","twitter_image_id":"","twitter_card_type":"","twitter_use_facebook":"","advanced_robots":"","pillar_content":"","seo_score":"","contentai_score":"","rich_snippet":""},"_links":{"self":[{"href":"https:\/\/dailynewshungary.com\/it\/wp-json\/wp\/v2\/posts\/721596","targetHints":{"allow":["GET"]}}],"collection":[{"href":"https:\/\/dailynewshungary.com\/it\/wp-json\/wp\/v2\/posts"}],"about":[{"href":"https:\/\/dailynewshungary.com\/it\/wp-json\/wp\/v2\/types\/post"}],"author":[{"embeddable":true,"href":"https:\/\/dailynewshungary.com\/it\/wp-json\/wp\/v2\/users\/2"}],"replies":[{"embeddable":true,"href":"https:\/\/dailynewshungary.com\/it\/wp-json\/wp\/v2\/comments?post=721596"}],"version-history":[{"count":0,"href":"https:\/\/dailynewshungary.com\/it\/wp-json\/wp\/v2\/posts\/721596\/revisions"}],"wp:featuredmedia":[{"embeddable":true,"href":"https:\/\/dailynewshungary.com\/it\/wp-json\/wp\/v2\/media\/721597"}],"wp:attachment":[{"href":"https:\/\/dailynewshungary.com\/it\/wp-json\/wp\/v2\/media?parent=721596"}],"wp:term":[{"taxonomy":"category","embeddable":true,"href":"https:\/\/dailynewshungary.com\/it\/wp-json\/wp\/v2\/categories?post=721596"},{"taxonomy":"post_tag","embeddable":true,"href":"https:\/\/dailynewshungary.com\/it\/wp-json\/wp\/v2\/tags?post=721596"}],"curies":[{"name":"wp","href":"https:\/\/api.w.org\/{rel}","templated":true}]}}