{"id":721822,"date":"2016-06-28T12:35:27","date_gmt":"2016-06-28T10:35:27","guid":{"rendered":"https:\/\/dailynewshungary.com\/it\/hadhazy-si-candidera-come-co-leader-della-lmp\/"},"modified":"2016-06-28T12:35:27","modified_gmt":"2016-06-28T10:35:27","slug":"hadhazy-si-candidera-come-co-leader-della-lmp","status":"publish","type":"post","link":"https:\/\/dailynewshungary.com\/it\/hadhazy-si-candidera-come-co-leader-della-lmp\/","title":{"rendered":"Hadh\u00e1zy si candider\u00e0 come co-leader della LMP"},"content":{"rendered":"<p><strong>Budapest, 8 giugno (MTI) 2 Il partito LMP, piccolo partito di opposizione, ha accettato ufficialmente la candidatura di \u00c1kos Hadh\u00e1zy, portavoce anticorruzione del partito, per sostituire Andras Schiffer come co-leader, ha detto marted\u00ec il quotidiano Magyar Id\u0151k.<\/strong><\/p>\n<p>Schiffer si \u00e8 dimesso dall&#8217;incarico alla fine di maggio e ritorner\u00e0 il suo mandato di parlamentare il 31 agosto.<\/p>\n<p>Hadh\u00e1zy ha detto di aver accettato di candidarsi come co-leader del partito poich\u00e9 era stato nominato da diversi membri del partito. La sua candidatura \u00e8 diventata ufficiale dopo aver pubblicato la sua piattaforma su un forum interno dell&#8217;LMP.<\/p>\n<p>Le candidature terminano il 5 luglio e le elezioni del partito sono fissate per il 16 e 17 luglio.<\/p>\n<p>Tra gli altri possibili candidati figurano Antal Cs\u00e1rdi, rappresentante dell&#8217;LMP nel Consiglio di Budapest, L\u00e1szl\u00f3 L\u00f3r\u00e1nt Keresztes, membro del presidio del partito, e P\u00e9ter Ungar.<\/p>\n","protected":false},"excerpt":{"rendered":"<p>Budapest, 8 giugno (MTI) 2 Il partito LMP, piccolo partito di opposizione, ha accettato ufficialmente la candidatura di \u00c1kos Hadh\u00e1zy, portavoce anticorruzione del partito, per sostituire Andras Schiffer come co-leader, ha detto marted\u00ec il quotidiano Magyar Id\u0151k. Schiffer si \u00e8 dimesso dall&#8217;incarico alla fine di maggio e ritorner\u00e0 il suo mandato di parlamentare il 31 [&hellip;]<\/p>\n","protected":false},"author":2,"featured_media":721823,"comment_status":"open","ping_status":"open","sticky":false,"template":"","format":"standard","meta":{"_display_image":"","footnotes":""},"categories":[1185],"tags":[1632],"class_list":["post-721822","post","type-post","status-publish","format-standard","has-post-thumbnail","hentry","category-politica-in-ungheria","tag-lmp"],"blocksy_meta":[],"author_username":"alk","telegram_post":"","public_post_metadata":{"breaking_news":"","important":"","csempe":"","center_tile":"","disable_thumbnail":"","target_lang":"","_featured_image_style":"","telegram_post":"","_xlat_group_id":""},"public_rank_math_data":{"title":"%titolo% %sep% %nomesito%","description":"","focus_keyword":"","canonical_url":"","robots":"","primary_category":"1185","breadcrumb_title":"","facebook_title":"","facebook_description":"","facebook_image":"","facebook_image_id":"","twitter_title":"","twitter_description":"","twitter_image":"","twitter_image_id":"","twitter_card_type":"","twitter_use_facebook":"","advanced_robots":"","pillar_content":"","seo_score":"","contentai_score":"","rich_snippet":""},"_links":{"self":[{"href":"https:\/\/dailynewshungary.com\/it\/wp-json\/wp\/v2\/posts\/721822","targetHints":{"allow":["GET"]}}],"collection":[{"href":"https:\/\/dailynewshungary.com\/it\/wp-json\/wp\/v2\/posts"}],"about":[{"href":"https:\/\/dailynewshungary.com\/it\/wp-json\/wp\/v2\/types\/post"}],"author":[{"embeddable":true,"href":"https:\/\/dailynewshungary.com\/it\/wp-json\/wp\/v2\/users\/2"}],"replies":[{"embeddable":true,"href":"https:\/\/dailynewshungary.com\/it\/wp-json\/wp\/v2\/comments?post=721822"}],"version-history":[{"count":0,"href":"https:\/\/dailynewshungary.com\/it\/wp-json\/wp\/v2\/posts\/721822\/revisions"}],"wp:featuredmedia":[{"embeddable":true,"href":"https:\/\/dailynewshungary.com\/it\/wp-json\/wp\/v2\/media\/721823"}],"wp:attachment":[{"href":"https:\/\/dailynewshungary.com\/it\/wp-json\/wp\/v2\/media?parent=721822"}],"wp:term":[{"taxonomy":"category","embeddable":true,"href":"https:\/\/dailynewshungary.com\/it\/wp-json\/wp\/v2\/categories?post=721822"},{"taxonomy":"post_tag","embeddable":true,"href":"https:\/\/dailynewshungary.com\/it\/wp-json\/wp\/v2\/tags?post=721822"}],"curies":[{"name":"wp","href":"https:\/\/api.w.org\/{rel}","templated":true}]}}