{"id":722560,"date":"2016-06-01T11:00:25","date_gmt":"2016-06-01T09:00:25","guid":{"rendered":"https:\/\/dailynewshungary.com\/it\/schiffer-non-ha-abbandonato-lmp-dice-szel\/"},"modified":"2016-06-01T11:00:25","modified_gmt":"2016-06-01T09:00:25","slug":"schiffer-non-ha-abbandonato-lmp-dice-szel","status":"publish","type":"post","link":"https:\/\/dailynewshungary.com\/it\/schiffer-non-ha-abbandonato-lmp-dice-szel\/","title":{"rendered":"Schiffer \u2018non ha abbandonato\u2019 LMP, dice Sz\u00e9l"},"content":{"rendered":"<p><strong>Budapest, 1 giugno (MTI) Andr\u00e1s Schiffer, che si \u00e8 dimesso da co-leader dell&#8217;opposizione verde LMP, \u201c non ha abbandonato il partito, ha detto Bernadett Sz\u00e9l, che ora \u00e8 l&#8217;unico capo della LMP, in un&#8217;intervista a Index.<\/strong><\/p>\n<p>Allo stesso tempo, Sz\u00e9l ha detto al portale di notizie che non era d&#8217;accordo con la sua decisione.<\/p>\n<p>Nell&#8217;intervista pubblicata mercoled\u00ec, ha detto che la mossa di Schiffer non ha segnato la fine della LMP poich\u00e9 il partito era basato su una \u201cnetwork\u201d e operava come organizzazione democratica di base.<\/p>\n<p>Sz\u00e9l ha affermato che LMP \u00e8 forte dal punto di vista organizzativo e non c&#8217;era bisogno di ristrutturare il partito.<\/p>\n<p>LMP elegger\u00e0 i funzionari in estate e ha detto che c&#8217;erano diversi contendenti validi per assumere la leadership. Ha menzionato \u00c1kos Hadh\u00e1zy come una possibilit\u00e0.<\/p>\n<p>Sz\u00e9l ha escluso di formare un&#8217;alleanza con qualsiasi altra forza politica, anche se ha affermato che la cooperazione con il partito nazionalista radicale Jobbik e il Partito socialista \u00e8 concepibile.<\/p>\n<p>Schiffer, uno dei fondatori del partito, ha informato il consiglio del partito della sua decisione luned\u00ec sera. Ha detto a Index.hu in un&#8217;intervista che avrebbe lasciato la sua posizione il 1 giugno e avrebbe restituito il suo mandato parlamentare il 31 agosto.<\/p>\n","protected":false},"excerpt":{"rendered":"<p>Budapest, 1 giugno (MTI) Andr\u00e1s Schiffer, che si \u00e8 dimesso da co-leader dell&#8217;opposizione verde LMP, \u201c non ha abbandonato il partito, ha detto Bernadett Sz\u00e9l, che ora \u00e8 l&#8217;unico capo della LMP, in un&#8217;intervista a Index. Allo stesso tempo, Sz\u00e9l ha detto al portale di notizie che non era d&#8217;accordo con la sua decisione. Nell&#8217;intervista [&hellip;]<\/p>\n","protected":false},"author":2,"featured_media":722561,"comment_status":"open","ping_status":"open","sticky":false,"template":"","format":"standard","meta":{"_display_image":"","footnotes":""},"categories":[1185],"tags":[1632],"class_list":["post-722560","post","type-post","status-publish","format-standard","has-post-thumbnail","hentry","category-politica-in-ungheria","tag-lmp"],"blocksy_meta":[],"author_username":"alk","telegram_post":"","public_post_metadata":{"breaking_news":"","important":"","csempe":"","center_tile":"","disable_thumbnail":"","target_lang":"","_featured_image_style":"","telegram_post":"","_xlat_group_id":""},"public_rank_math_data":{"title":"%titolo% %sep% %nomesito%","description":"","focus_keyword":"","canonical_url":"","robots":"","primary_category":"1185","breadcrumb_title":"","facebook_title":"","facebook_description":"","facebook_image":"","facebook_image_id":"","twitter_title":"","twitter_description":"","twitter_image":"","twitter_image_id":"","twitter_card_type":"","twitter_use_facebook":"","advanced_robots":"","pillar_content":"","seo_score":"","contentai_score":"","rich_snippet":""},"_links":{"self":[{"href":"https:\/\/dailynewshungary.com\/it\/wp-json\/wp\/v2\/posts\/722560","targetHints":{"allow":["GET"]}}],"collection":[{"href":"https:\/\/dailynewshungary.com\/it\/wp-json\/wp\/v2\/posts"}],"about":[{"href":"https:\/\/dailynewshungary.com\/it\/wp-json\/wp\/v2\/types\/post"}],"author":[{"embeddable":true,"href":"https:\/\/dailynewshungary.com\/it\/wp-json\/wp\/v2\/users\/2"}],"replies":[{"embeddable":true,"href":"https:\/\/dailynewshungary.com\/it\/wp-json\/wp\/v2\/comments?post=722560"}],"version-history":[{"count":0,"href":"https:\/\/dailynewshungary.com\/it\/wp-json\/wp\/v2\/posts\/722560\/revisions"}],"wp:featuredmedia":[{"embeddable":true,"href":"https:\/\/dailynewshungary.com\/it\/wp-json\/wp\/v2\/media\/722561"}],"wp:attachment":[{"href":"https:\/\/dailynewshungary.com\/it\/wp-json\/wp\/v2\/media?parent=722560"}],"wp:term":[{"taxonomy":"category","embeddable":true,"href":"https:\/\/dailynewshungary.com\/it\/wp-json\/wp\/v2\/categories?post=722560"},{"taxonomy":"post_tag","embeddable":true,"href":"https:\/\/dailynewshungary.com\/it\/wp-json\/wp\/v2\/tags?post=722560"}],"curies":[{"name":"wp","href":"https:\/\/api.w.org\/{rel}","templated":true}]}}