{"id":722928,"date":"2016-05-19T21:40:47","date_gmt":"2016-05-19T19:40:47","guid":{"rendered":"https:\/\/dailynewshungary.com\/it\/il-governo-locale-di-budapest-prevede-di-rinnovare-il-ponte-delle-catene-tra-gli-altri-progetti\/"},"modified":"2016-05-19T21:40:47","modified_gmt":"2016-05-19T19:40:47","slug":"il-governo-locale-di-budapest-prevede-di-rinnovare-il-ponte-delle-catene-tra-gli-altri-progetti","status":"publish","type":"post","link":"https:\/\/dailynewshungary.com\/it\/il-governo-locale-di-budapest-prevede-di-rinnovare-il-ponte-delle-catene-tra-gli-altri-progetti\/","title":{"rendered":"Il governo locale di Budapest prevede di rinnovare il Ponte delle Catene, tra gli altri progetti"},"content":{"rendered":"<p><strong>Budapest, 19 maggio (MTI) Il sindaco di Budapest, Istv\u00e1n Tarl\u00f3s, ha annunciato l&#8217;intenzione di rinnovare l&#8217;iconico Ponte delle Catene della citt\u00e0 e rimodellare Piazza Blaha Lujza nel centro di Budapest.<\/strong><\/p>\n<p><img loading=\"lazy\" decoding=\"async\" class=\"size-medium wp-image-67850 alignright\" src=\"https:\/\/dailynewshungary.com\/wp-content\/uploads\/2016\/05\/tarl\u00f3s-amcham-300x225.jpg\" alt=\"tarl\u00f3s-amcham\" width=\"300\" height=\"225\" srcset=\"https:\/\/contentf5.dailynewshungary.com\/wp-content\/uploads\/2016\/05\/tarl\u00f3s-amcham-300x225.jpg 300w, https:\/\/contentf5.dailynewshungary.com\/wp-content\/uploads\/2016\/05\/tarl\u00f3s-amcham-220x165.jpg 220w, https:\/\/contentf5.dailynewshungary.com\/wp-content\/uploads\/2016\/05\/tarl\u00f3s-amcham-106x80.jpg 106w, https:\/\/contentf5.dailynewshungary.com\/wp-content\/uploads\/2016\/05\/tarl\u00f3s-amcham-200x150.jpg 200w, https:\/\/contentf5.dailynewshungary.com\/wp-content\/uploads\/2016\/05\/tarl\u00f3s-amcham.jpg 600w\" sizes=\"auto, (max-width: 300px) 100vw, 300px\">Gioved\u00ec, parlando a un evento AmCham, Tarl\u00f3s ha detto che anche il tunnel del Castello di Buda \u00e8 un contendente per la ristrutturazione e che i piani sono di rinnovare la ferrovia Cog-Wheel, estendendola fino a piazza Sz\u00e9ll K\u00e1lm\u00e1n in una direzione e fino alla collina Normafa nell&#8217;altra.<\/p>\n<p>Si stima che la ricostruzione del Ponte delle Catene e del tunnel coster\u00e0 18 miliardi di fiorini, il progetto Blaha Lujza t\u00e9r 1,5 miliardi e l&#8217;estensione della linea della ruota dentata circa 23 miliardi, ha detto Tarl\u00f3s ha detto che la ricostruzione di Piazza Sz\u00e9ll K\u00e1lm\u00e1n era gi\u00e0 stata progettata e completata pensando all&#8217;estensione della ruota dentata.<\/p>\n<p>Tarlos ha detto che i progetti saranno realizzati con un prestito della Banca Europea per gli Investimenti che il governo ha approvato.<\/p>\n<p>Un altro progetto nell&#8217;elenco degli investimenti sostenuti dall&#8217;UE \u00e8 quello di costruire una nuova gestione dei rifiuti e opere di incenerimento dei fanghi L&#8217;uso della metropolitana 4 da parte dei passeggeri \u00e8 \u201cnon ancora soddisfacente\u201d, ma si prevede che aumenter\u00e0 quando i servizi paralleli saranno resi meno frequenti, ha detto Tarl\u00f3s.<\/p>\n<p>Per quanto riguarda la tassa sulla congestione nel centro della citt\u00e0, ha detto che la sua introduzione \u00e8 stata \u201cinevitable\u201d. \u201cSe non lo introduciamo entro la fine del 2017 ci saranno grossi problemi, ha aggiunto\u201d.<\/p>\n<p><em>Photto: MTI<\/em><\/p>\n","protected":false},"excerpt":{"rendered":"<p>Budapest, 19 maggio (MTI) Il sindaco di Budapest, Istv\u00e1n Tarl\u00f3s, ha annunciato l&#8217;intenzione di rinnovare l&#8217;iconico Ponte delle Catene della citt\u00e0 e rimodellare Piazza Blaha Lujza nel centro di Budapest. Gioved\u00ec, parlando a un evento AmCham, Tarl\u00f3s ha detto che anche il tunnel del Castello di Buda \u00e8 un contendente per la ristrutturazione e che [&hellip;]<\/p>\n","protected":false},"author":2,"featured_media":722929,"comment_status":"open","ping_status":"open","sticky":false,"template":"","format":"standard","meta":{"_display_image":"","footnotes":""},"categories":[1185],"tags":[1158,1393],"class_list":["post-722928","post","type-post","status-publish","format-standard","has-post-thumbnail","hentry","category-politica-in-ungheria","tag-budapest","tag-consiglio-di-budapest"],"blocksy_meta":[],"author_username":"alk","telegram_post":"","public_post_metadata":{"breaking_news":"","important":"","csempe":"","center_tile":"","disable_thumbnail":"","target_lang":"","_featured_image_style":"","telegram_post":"","_xlat_group_id":""},"public_rank_math_data":{"title":"%titolo% %sep% %nomesito%","description":"","focus_keyword":"","canonical_url":"","robots":"","primary_category":"1185","breadcrumb_title":"","facebook_title":"","facebook_description":"","facebook_image":"","facebook_image_id":"","twitter_title":"","twitter_description":"","twitter_image":"","twitter_image_id":"","twitter_card_type":"","twitter_use_facebook":"","advanced_robots":"","pillar_content":"","seo_score":"","contentai_score":"","rich_snippet":""},"_links":{"self":[{"href":"https:\/\/dailynewshungary.com\/it\/wp-json\/wp\/v2\/posts\/722928","targetHints":{"allow":["GET"]}}],"collection":[{"href":"https:\/\/dailynewshungary.com\/it\/wp-json\/wp\/v2\/posts"}],"about":[{"href":"https:\/\/dailynewshungary.com\/it\/wp-json\/wp\/v2\/types\/post"}],"author":[{"embeddable":true,"href":"https:\/\/dailynewshungary.com\/it\/wp-json\/wp\/v2\/users\/2"}],"replies":[{"embeddable":true,"href":"https:\/\/dailynewshungary.com\/it\/wp-json\/wp\/v2\/comments?post=722928"}],"version-history":[{"count":0,"href":"https:\/\/dailynewshungary.com\/it\/wp-json\/wp\/v2\/posts\/722928\/revisions"}],"wp:featuredmedia":[{"embeddable":true,"href":"https:\/\/dailynewshungary.com\/it\/wp-json\/wp\/v2\/media\/722929"}],"wp:attachment":[{"href":"https:\/\/dailynewshungary.com\/it\/wp-json\/wp\/v2\/media?parent=722928"}],"wp:term":[{"taxonomy":"category","embeddable":true,"href":"https:\/\/dailynewshungary.com\/it\/wp-json\/wp\/v2\/categories?post=722928"},{"taxonomy":"post_tag","embeddable":true,"href":"https:\/\/dailynewshungary.com\/it\/wp-json\/wp\/v2\/tags?post=722928"}],"curies":[{"name":"wp","href":"https:\/\/api.w.org\/{rel}","templated":true}]}}