{"id":723330,"date":"2016-05-05T16:10:12","date_gmt":"2016-05-05T14:10:12","guid":{"rendered":"https:\/\/dailynewshungary.com\/it\/ministro-degli-esteri-ungheria-turchia-al-lavoro-per-rilanciare-la-cooperazione-economica\/"},"modified":"2016-05-05T16:10:12","modified_gmt":"2016-05-05T14:10:12","slug":"ministro-degli-esteri-ungheria-turchia-al-lavoro-per-rilanciare-la-cooperazione-economica","status":"publish","type":"post","link":"https:\/\/dailynewshungary.com\/it\/ministro-degli-esteri-ungheria-turchia-al-lavoro-per-rilanciare-la-cooperazione-economica\/","title":{"rendered":"Ministro degli Esteri: Ungheria, Turchia al lavoro per rilanciare la cooperazione economica"},"content":{"rendered":"<p><strong>Budapest, 5 maggio (MTI) La Turchia continua a essere al centro della politica estera e commerciale ungherese, e l&#8217;Ungheria vede il paese come un partner chiave sia per se stessa che per l&#8217;Unione Europea, ha detto il ministro degli Esteri P\u00e9ter Szijj\u00e1rt\u00f3 dopo una riunione del comitato economico misto ungherese-turco a Budapest gioved\u00ec.<\/strong><\/p>\n<p>Il comitato misto \u00e8 un buon quadro per gestire le sfide politiche parallelamente alla possibilit\u00e0 di prosperare della cooperazione economica bilaterale, ha detto Szijj\u00e1rt\u00f3 in una conferenza stampa.<\/p>\n<p><img loading=\"lazy\" decoding=\"async\" class=\"size-full wp-image-39807 aligncenter\" src=\"https:\/\/dailynewshungary.com\/wp-content\/uploads\/2016\/05\/turkey-hungary-2.jpg\" alt=\"turchia-ungheria-2\" width=\"600\" height=\"400\" srcset=\"https:\/\/contentf5.dailynewshungary.com\/wp-content\/uploads\/2016\/05\/turkey-hungary-2.jpg 600w, https:\/\/contentf5.dailynewshungary.com\/wp-content\/uploads\/2016\/05\/turkey-hungary-2-300x200.jpg 300w\" sizes=\"auto, (max-width: 600px) 100vw, 600px\"><\/p>\n<p>Il motivo per convocare una sessione del comitato \u00e8 stato quello di evitare che le crisi europee abbiano un impatto negativo sulla cooperazione economica bilaterale, ha detto il ministro.<\/p>\n<p>L&#8217;Ungheria \u00e8 al fianco della Turchia nella sua lotta contro il terrorismo, ha aggiunto.<\/p>\n<p><em>Foto: MTI<\/em><\/p>\n","protected":false},"excerpt":{"rendered":"<p>Budapest, 5 maggio (MTI) La Turchia continua a essere al centro della politica estera e commerciale ungherese, e l&#8217;Ungheria vede il paese come un partner chiave sia per se stessa che per l&#8217;Unione Europea, ha detto il ministro degli Esteri P\u00e9ter Szijj\u00e1rt\u00f3 dopo una riunione del comitato economico misto ungherese-turco a Budapest gioved\u00ec. Il comitato [&hellip;]<\/p>\n","protected":false},"author":2,"featured_media":723331,"comment_status":"open","ping_status":"open","sticky":false,"template":"","format":"standard","meta":{"_display_image":"","footnotes":""},"categories":[1185],"tags":[1132,1092,1086,1075],"class_list":["post-723330","post","type-post","status-publish","format-standard","has-post-thumbnail","hentry","category-politica-in-ungheria","tag-economia","tag-ministero-degli-affari-esteri-dellungheria","tag-turchia","tag-unione-europea"],"blocksy_meta":[],"author_username":"alk","telegram_post":"","public_post_metadata":{"breaking_news":"","important":"","csempe":"","center_tile":"","disable_thumbnail":"","target_lang":"","_featured_image_style":"","telegram_post":"","_xlat_group_id":""},"public_rank_math_data":{"title":"%titolo% %sep% %nomesito%","description":"","focus_keyword":"","canonical_url":"","robots":"","primary_category":"1185","breadcrumb_title":"","facebook_title":"","facebook_description":"","facebook_image":"","facebook_image_id":"","twitter_title":"","twitter_description":"","twitter_image":"","twitter_image_id":"","twitter_card_type":"","twitter_use_facebook":"","advanced_robots":"","pillar_content":"","seo_score":"","contentai_score":"","rich_snippet":""},"_links":{"self":[{"href":"https:\/\/dailynewshungary.com\/it\/wp-json\/wp\/v2\/posts\/723330","targetHints":{"allow":["GET"]}}],"collection":[{"href":"https:\/\/dailynewshungary.com\/it\/wp-json\/wp\/v2\/posts"}],"about":[{"href":"https:\/\/dailynewshungary.com\/it\/wp-json\/wp\/v2\/types\/post"}],"author":[{"embeddable":true,"href":"https:\/\/dailynewshungary.com\/it\/wp-json\/wp\/v2\/users\/2"}],"replies":[{"embeddable":true,"href":"https:\/\/dailynewshungary.com\/it\/wp-json\/wp\/v2\/comments?post=723330"}],"version-history":[{"count":0,"href":"https:\/\/dailynewshungary.com\/it\/wp-json\/wp\/v2\/posts\/723330\/revisions"}],"wp:featuredmedia":[{"embeddable":true,"href":"https:\/\/dailynewshungary.com\/it\/wp-json\/wp\/v2\/media\/723331"}],"wp:attachment":[{"href":"https:\/\/dailynewshungary.com\/it\/wp-json\/wp\/v2\/media?parent=723330"}],"wp:term":[{"taxonomy":"category","embeddable":true,"href":"https:\/\/dailynewshungary.com\/it\/wp-json\/wp\/v2\/categories?post=723330"},{"taxonomy":"post_tag","embeddable":true,"href":"https:\/\/dailynewshungary.com\/it\/wp-json\/wp\/v2\/tags?post=723330"}],"curies":[{"name":"wp","href":"https:\/\/api.w.org\/{rel}","templated":true}]}}