{"id":723402,"date":"2016-05-03T06:10:04","date_gmt":"2016-05-03T04:10:04","guid":{"rendered":"https:\/\/dailynewshungary.com\/it\/congresso-uefa-a-budapest-orban-incontra-il-capo-della-fifa\/"},"modified":"2016-05-03T06:10:04","modified_gmt":"2016-05-03T04:10:04","slug":"congresso-uefa-a-budapest-orban-incontra-il-capo-della-fifa","status":"publish","type":"post","link":"https:\/\/dailynewshungary.com\/it\/congresso-uefa-a-budapest-orban-incontra-il-capo-della-fifa\/","title":{"rendered":"Congresso UEFA a Budapest, Orb\u00e1n incontra il capo della FIFA"},"content":{"rendered":"<p><strong>Budapest (MTI) (organismo calcistico europeo) (Buddapest)) ha convocato una sessione speciale del suo comitato esecutivo per il 18 maggio per discutere la questione della presidenza dell&#8217;organismo UEFA.<\/strong><\/p>\n<p>Parlando a margine del Congresso UEFA di Budapest luned\u00ec, il presidente della Federcalcio tedesca (DFB) Wolfgang Niersbach ha detto che la Corte Arbitrale dello Sport decider\u00e0 il destino dell&#8217;attuale presidente Michel Platini al pi\u00f9 tardi entro la prossima settimana.<\/p>\n<p>Il presidente della UEFA Platini e il presidente della FIFA Sepp Blatter originariamente avevano entrambi ricevuto divieti di otto anni dall&#8217;attivit\u00e0 legata al calcio per corruzione, ma la sospensione \u00e8 stata successivamente ridotta a sei anni per entrambi gli uomini.<\/p>\n<p>Il comitato esecutivo ha finalizzato il processo di selezione per l&#8217;ospite del Campionato Europeo 2024 I paesi candidati possono iniziare a presentare le loro offerte a settembre Le candidature saranno aperte fino a marzo 2017 La UEFA selezioner\u00e0 il paese ospitante a settembre 2018.<\/p>\n<p><strong>Orb\u00e1n incontra il capo della FIFA prima del congresso UEFA<\/strong><\/p>\n<p>Luned\u00ec sera il primo ministro Viktor Orb\u00e1n ha ricevuto nel suo ufficio il capo della FIFA Gianni Infantino, ha detto il capo della stampa del primo ministro.<\/p>\n<p><img loading=\"lazy\" decoding=\"async\" class=\"size-full wp-image-39623 aligncenter\" src=\"https:\/\/dailynewshungary.com\/wp-content\/uploads\/2016\/05\/orb\u00e1n-fifa-2.jpg\" alt=\"orb\u00e1n-fifa-2\" width=\"600\" height=\"399\" srcset=\"https:\/\/contentf5.dailynewshungary.com\/wp-content\/uploads\/2016\/05\/orb\u00e1n-fifa-2.jpg 600w, https:\/\/contentf5.dailynewshungary.com\/wp-content\/uploads\/2016\/05\/orb\u00e1n-fifa-2-300x200.jpg 300w\" sizes=\"auto, (max-width: 600px) 100vw, 600px\"><\/p>\n<p>Era presente anche Sandor Cs\u00e1nyi, capo della Federcalcio ungherese (MLSZ), ha detto Bertalan Havasi.<\/p>\n<p>Infantino \u00e8 venuto a Budapest per partecipare al 40\u00b0 congresso dell&#8217;Unione delle federazioni calcistiche europee (UEFA) a partire da luned\u00ec sera.<\/p>\n<p>Aprendo il congresso, Orban ha affermato che dopo decenni di disperazione, negli ultimi anni gli ungheresi hanno compiuto sforzi senza precedenti per realizzare una rinascita del calcio.<\/p>\n<p>\u201cAvresti potuto scegliere una sede migliore per il tuo congresso perch\u00e9 le discussioni sul calcio, in particolare sul calcio ungherese, sono cos\u00ec naturali in Ungheria come prendere fiato. Ci sono due cose in Ungheria, tutte le persone sono esperte di calcio e politica, ha detto il primo ministro.<\/p>\n<p><em>Foto: MTI<\/em><\/p>\n","protected":false},"excerpt":{"rendered":"<p>Budapest (MTI) (organismo calcistico europeo) (Buddapest)) ha convocato una sessione speciale del suo comitato esecutivo per il 18 maggio per discutere la questione della presidenza dell&#8217;organismo UEFA. Parlando a margine del Congresso UEFA di Budapest luned\u00ec, il presidente della Federcalcio tedesca (DFB) Wolfgang Niersbach ha detto che la Corte Arbitrale dello Sport decider\u00e0 il destino [&hellip;]<\/p>\n","protected":false},"author":2,"featured_media":723403,"comment_status":"open","ping_status":"open","sticky":false,"template":"","format":"standard","meta":{"_display_image":"","footnotes":""},"categories":[1268],"tags":[1158,1085,1083],"class_list":["post-723402","post","type-post","status-publish","format-standard","has-post-thumbnail","hentry","category-sport","tag-budapest","tag-calcio","tag-viktor-orban"],"blocksy_meta":[],"author_username":"alk","telegram_post":"","public_post_metadata":{"breaking_news":"","important":"","csempe":"","center_tile":"","disable_thumbnail":"","target_lang":"","_featured_image_style":"","telegram_post":"","_xlat_group_id":""},"public_rank_math_data":{"title":"%titolo% %sep% %nomesito%","description":"","focus_keyword":"","canonical_url":"","robots":"","primary_category":"1268","breadcrumb_title":"","facebook_title":"","facebook_description":"","facebook_image":"","facebook_image_id":"","twitter_title":"","twitter_description":"","twitter_image":"","twitter_image_id":"","twitter_card_type":"","twitter_use_facebook":"","advanced_robots":"","pillar_content":"","seo_score":"","contentai_score":"","rich_snippet":""},"_links":{"self":[{"href":"https:\/\/dailynewshungary.com\/it\/wp-json\/wp\/v2\/posts\/723402","targetHints":{"allow":["GET"]}}],"collection":[{"href":"https:\/\/dailynewshungary.com\/it\/wp-json\/wp\/v2\/posts"}],"about":[{"href":"https:\/\/dailynewshungary.com\/it\/wp-json\/wp\/v2\/types\/post"}],"author":[{"embeddable":true,"href":"https:\/\/dailynewshungary.com\/it\/wp-json\/wp\/v2\/users\/2"}],"replies":[{"embeddable":true,"href":"https:\/\/dailynewshungary.com\/it\/wp-json\/wp\/v2\/comments?post=723402"}],"version-history":[{"count":0,"href":"https:\/\/dailynewshungary.com\/it\/wp-json\/wp\/v2\/posts\/723402\/revisions"}],"wp:featuredmedia":[{"embeddable":true,"href":"https:\/\/dailynewshungary.com\/it\/wp-json\/wp\/v2\/media\/723403"}],"wp:attachment":[{"href":"https:\/\/dailynewshungary.com\/it\/wp-json\/wp\/v2\/media?parent=723402"}],"wp:term":[{"taxonomy":"category","embeddable":true,"href":"https:\/\/dailynewshungary.com\/it\/wp-json\/wp\/v2\/categories?post=723402"},{"taxonomy":"post_tag","embeddable":true,"href":"https:\/\/dailynewshungary.com\/it\/wp-json\/wp\/v2\/tags?post=723402"}],"curies":[{"name":"wp","href":"https:\/\/api.w.org\/{rel}","templated":true}]}}