{"id":723889,"date":"2016-04-16T01:00:01","date_gmt":"2016-04-15T23:00:01","guid":{"rendered":"https:\/\/dailynewshungary.com\/it\/lambasciatore-britannico-sta-leggendo-una-poesia-sul-video-della-giornata-nazionale-della-poesia-ungherese\/"},"modified":"2026-08-03T21:02:28","modified_gmt":"2026-08-03T19:02:28","slug":"lambasciatore-britannico-recita-una-poesia-ungherese-video","status":"publish","type":"post","link":"https:\/\/dailynewshungary.com\/it\/lambasciatore-britannico-recita-una-poesia-ungherese-video\/","title":{"rendered":"L\u2019ambasciatore britannico sta leggendo una poesia sul video della Giornata nazionale della poesia ungherese"},"content":{"rendered":"\n<p class=\"wp-block-paragraph\"><strong>Iain Lindsay, ambasciatore britannico in Ungheria, ha sorpreso il mondo l&#8217;11 aprile, che \u00e8 la Giornata nazionale della poesia in Ungheria, leggendo una delle poesie di Attila J\u00f3zsef, <a href=\"http:\/\/mno.hu\/grund\/a-brit-nagykovet-magyarul-szaval-jozsef-attilat-1337013\" target=\"_blank\" rel=\"noopener\">mno.hu<\/a> scrive.<\/strong><\/p>\n\n\n\n<p class=\"wp-block-paragraph\">L&#8217;Ungheria celebra la Giornata nazionale della poesia l&#8217;11 aprile dal 1964 La data \u00e8 importante, perch\u00e9 \u00e8 il compleanno di Attila J\u00f3zsef, uno dei migliori poeti ungheresi dei 20<sup>th<\/sup> secolo. La giornata viene celebrata in tutto il paese e vengono organizzati diversi eventi per commemorare le conquiste del poeta. Molti circoli di lettura invitano poeti e studenti a recitare le poesie e vengono introdotte anche molte altre opere di poeti.<\/p>\n\n\n\n<p class=\"wp-block-paragraph\"><strong>Articolo pubblicato:<\/strong><br>\n<a href=\"https:\/\/dailynewshungary.com\/it\/nuovo-ambasciatore-britannico-parla-ungherese-video\/\" target=\"_blank\">NUOVO BRITANNICO AMBASCIATORE PARLA UNGHERESE (BRITISH AMBASCIATORE) VIDEO PARLA UNGHERESE (UNGHERESE) VIDEO PARLA UNGHERESE (UNGHERESE).<\/a><\/p>\n\n\n\n<p class=\"wp-block-paragraph\">Attila J\u00f3zsef \u00e8 una delle figure pi\u00f9 significative della letteratura ungherese; non solo scrisse poesie, ma conosceva bene diverse lingue straniere come il francese e il tedesco, e notevoli sono anche le sue traduzioni di Villon J\u00f3zsef ebbe una vita breve e tragica; durante i suoi 32 anni sub\u00ec spesso atrocit\u00e0, fu espulso dall&#8217;universit\u00e0 a causa di una delle sue poesie, soffr\u00ec di depressione, e fu anche sfortunato in amore Questi e molti altri fattori portano a un esaurimento nervoso, e successivamente alla sua morte; non \u00e8 ancora chiaro se si sia suicidato o sia morto in un tragico incidente.<\/p>\n\n\n\n<figure class=\"wp-block-embed is-type-video is-provider-youtube wp-block-embed-youtube wp-embed-aspect-16-9 wp-has-aspect-ratio\"><div class=\"wp-block-embed__wrapper\">\n<iframe loading=\"lazy\" title=\"Juh\u00e1sz Gyula verse Iain Lindsay Nagyk\u00f6vet el\u0151ad\u00e1s\u00e1ban\" width=\"1480\" height=\"833\" src=\"https:\/\/www.youtube.com\/embed\/Oe7XET9XLU4?feature=oembed\" frameborder=\"0\" allow=\"accelerometer; autoplay; clipboard-write; encrypted-media; gyroscope; picture-in-picture; web-share\" referrerpolicy=\"strict-origin-when-cross-origin\" allowfullscreen><\/iframe>\n<\/div><\/figure>\n\n\n\n<p class=\"wp-block-paragraph\">Foto: Wikimedia Commons Andrew69.<\/p>\n\n\n\n<p class=\"wp-block-paragraph\"><em>Video: Youtube\/Regno Unito in Ungheria e Youtube\/Ufficio Esteri e Commonwealth<\/em><\/p>\n\n\n\n<p class=\"wp-block-paragraph\">Editor di copie: bm<\/p>\n","protected":false},"excerpt":{"rendered":"<p>Iain Lindsay, ambasciatore britannico in Ungheria, ha sorpreso il mondo l&#8217;11 aprile, che \u00e8 la Giornata nazionale della poesia in Ungheria, leggendo una delle poesie di Attila J\u00f3zsef, mno.hu scrive. L&#8217;Ungheria celebra la Giornata nazionale della poesia l&#8217;11 aprile dal 1964 La data \u00e8 importante, perch\u00e9 \u00e8 il compleanno di Attila J\u00f3zsef, uno dei migliori [&hellip;]<\/p>\n","protected":false},"author":6,"featured_media":723890,"comment_status":"open","ping_status":"open","sticky":false,"template":"","format":"standard","meta":{"_display_image":"yes","footnotes":""},"categories":[1304],"tags":[1307,1106,1376,1124],"class_list":["post-723889","post","type-post","status-publish","format-standard","has-post-thumbnail","hentry","category-cultura-in-ungheria","tag-evento","tag-letteratura","tag-regno-unito","tag-video"],"blocksy_meta":[],"author_username":"audreys","telegram_post":"","public_post_metadata":{"breaking_news":"yes","important":"no","csempe":"no","center_tile":"no","disable_thumbnail":"no","target_lang":"","_featured_image_style":"default","telegram_post":"","_xlat_group_id":""},"public_rank_math_data":{"title":"L\u2019ambasciatore britannico recita una poesia ungherese","description":"L\u2019ambasciatore britannico celebra la poesia ungherese con una lettura speciale in video.","focus_keyword":"ungherese","canonical_url":"","robots":"","primary_category":"1304","breadcrumb_title":"","facebook_title":"","facebook_description":"","facebook_image":"","facebook_image_id":"","twitter_title":"","twitter_description":"","twitter_image":"","twitter_image_id":"","twitter_card_type":"","twitter_use_facebook":"","advanced_robots":"","pillar_content":"","seo_score":"62","contentai_score":"","rich_snippet":""},"_links":{"self":[{"href":"https:\/\/dailynewshungary.com\/it\/wp-json\/wp\/v2\/posts\/723889","targetHints":{"allow":["GET"]}}],"collection":[{"href":"https:\/\/dailynewshungary.com\/it\/wp-json\/wp\/v2\/posts"}],"about":[{"href":"https:\/\/dailynewshungary.com\/it\/wp-json\/wp\/v2\/types\/post"}],"author":[{"embeddable":true,"href":"https:\/\/dailynewshungary.com\/it\/wp-json\/wp\/v2\/users\/6"}],"replies":[{"embeddable":true,"href":"https:\/\/dailynewshungary.com\/it\/wp-json\/wp\/v2\/comments?post=723889"}],"version-history":[{"count":1,"href":"https:\/\/dailynewshungary.com\/it\/wp-json\/wp\/v2\/posts\/723889\/revisions"}],"predecessor-version":[{"id":792406,"href":"https:\/\/dailynewshungary.com\/it\/wp-json\/wp\/v2\/posts\/723889\/revisions\/792406"}],"wp:featuredmedia":[{"embeddable":true,"href":"https:\/\/dailynewshungary.com\/it\/wp-json\/wp\/v2\/media\/723890"}],"wp:attachment":[{"href":"https:\/\/dailynewshungary.com\/it\/wp-json\/wp\/v2\/media?parent=723889"}],"wp:term":[{"taxonomy":"category","embeddable":true,"href":"https:\/\/dailynewshungary.com\/it\/wp-json\/wp\/v2\/categories?post=723889"},{"taxonomy":"post_tag","embeddable":true,"href":"https:\/\/dailynewshungary.com\/it\/wp-json\/wp\/v2\/tags?post=723889"}],"curies":[{"name":"wp","href":"https:\/\/api.w.org\/{rel}","templated":true}]}}