{"id":723975,"date":"2016-04-13T08:00:50","date_gmt":"2016-04-13T06:00:50","guid":{"rendered":"https:\/\/dailynewshungary.com\/it\/ministero-degli-esteri-ungherese-dichiarazione-del-ministro-lussemburghese-inaccettabile\/"},"modified":"2016-04-13T08:00:50","modified_gmt":"2016-04-13T06:00:50","slug":"ministero-degli-esteri-ungherese-dichiarazione-del-ministro-lussemburghese-inaccettabile","status":"publish","type":"post","link":"https:\/\/dailynewshungary.com\/it\/ministero-degli-esteri-ungherese-dichiarazione-del-ministro-lussemburghese-inaccettabile\/","title":{"rendered":"Ministero degli Esteri ungherese: dichiarazione del ministro lussemburghese \u201cinaccettabile\u201d"},"content":{"rendered":"<p><strong>Budapest, 2 aprile (MTI) 1 Il ministro degli Esteri ungherese P\u00e9ter Szijj\u00e1rt\u00f3 ha dichiarato in una dichiarazione di marted\u00ec che i commenti alla stampa fatti dal suo omologo lussemburghese riguardo al primo ministro Viktor Orb\u00e1n e alla politica migratoria ungherese sono stati \u201cinaccettabili e indegni di un politico europeo\u201d.<\/strong><\/p>\n<p>Jean Asselborn ha detto al quotidiano tedesco Neue Osnabruecker Zeitung che era strano che un europeo impegnato come <a href=\"https:\/\/dailynewshungary.com\/it\/bild-orban-incontrera-lex-cancelliere-tedesco-kohl\/\" target=\"_blank\">Helmut Kohl aveva intenzione di incontrare Orb\u00e1n<\/a>. Pur elogiando la politica tedesca sui migranti a porte aperte, ha criticato l&#8217;approccio dell&#8217;Ungheria.<\/p>\n<p>Szijj\u00e1rt\u00f3 ha affermato che la grande maggioranza degli ungheresi ha votato per Orb\u00e1n e il suo governo due volte di seguito, e che il suo omologo lussemburghese dovrebbe rispettare la decisione presa dagli ungheresi.<\/p>\n<p>Riferendosi agli sforzi per proteggere le frontiere esterne dell&#8217;UE, ha aggiunto che coloro che in passato hanno criticato le politiche dell&#8217;Ungheria ora accettano che la soluzione \u201cungherese stia funzionando\u201d.<\/p>\n","protected":false},"excerpt":{"rendered":"<p>Budapest, 2 aprile (MTI) 1 Il ministro degli Esteri ungherese P\u00e9ter Szijj\u00e1rt\u00f3 ha dichiarato in una dichiarazione di marted\u00ec che i commenti alla stampa fatti dal suo omologo lussemburghese riguardo al primo ministro Viktor Orb\u00e1n e alla politica migratoria ungherese sono stati \u201cinaccettabili e indegni di un politico europeo\u201d. Jean Asselborn ha detto al quotidiano [&hellip;]<\/p>\n","protected":false},"author":2,"featured_media":723976,"comment_status":"open","ping_status":"open","sticky":false,"template":"","format":"standard","meta":{"_display_image":"","footnotes":""},"categories":[1185],"tags":[1092,1075,1083],"class_list":["post-723975","post","type-post","status-publish","format-standard","has-post-thumbnail","hentry","category-politica-in-ungheria","tag-ministero-degli-affari-esteri-dellungheria","tag-unione-europea","tag-viktor-orban"],"blocksy_meta":[],"author_username":"alk","telegram_post":"","public_post_metadata":{"breaking_news":"","important":"","csempe":"","center_tile":"","disable_thumbnail":"","target_lang":"","_featured_image_style":"","telegram_post":"","_xlat_group_id":""},"public_rank_math_data":{"title":"%titolo% %sep% %nomesito%","description":"","focus_keyword":"","canonical_url":"","robots":"","primary_category":"1185","breadcrumb_title":"","facebook_title":"","facebook_description":"","facebook_image":"","facebook_image_id":"","twitter_title":"","twitter_description":"","twitter_image":"","twitter_image_id":"","twitter_card_type":"","twitter_use_facebook":"","advanced_robots":"","pillar_content":"","seo_score":"","contentai_score":"","rich_snippet":""},"_links":{"self":[{"href":"https:\/\/dailynewshungary.com\/it\/wp-json\/wp\/v2\/posts\/723975","targetHints":{"allow":["GET"]}}],"collection":[{"href":"https:\/\/dailynewshungary.com\/it\/wp-json\/wp\/v2\/posts"}],"about":[{"href":"https:\/\/dailynewshungary.com\/it\/wp-json\/wp\/v2\/types\/post"}],"author":[{"embeddable":true,"href":"https:\/\/dailynewshungary.com\/it\/wp-json\/wp\/v2\/users\/2"}],"replies":[{"embeddable":true,"href":"https:\/\/dailynewshungary.com\/it\/wp-json\/wp\/v2\/comments?post=723975"}],"version-history":[{"count":0,"href":"https:\/\/dailynewshungary.com\/it\/wp-json\/wp\/v2\/posts\/723975\/revisions"}],"wp:featuredmedia":[{"embeddable":true,"href":"https:\/\/dailynewshungary.com\/it\/wp-json\/wp\/v2\/media\/723976"}],"wp:attachment":[{"href":"https:\/\/dailynewshungary.com\/it\/wp-json\/wp\/v2\/media?parent=723975"}],"wp:term":[{"taxonomy":"category","embeddable":true,"href":"https:\/\/dailynewshungary.com\/it\/wp-json\/wp\/v2\/categories?post=723975"},{"taxonomy":"post_tag","embeddable":true,"href":"https:\/\/dailynewshungary.com\/it\/wp-json\/wp\/v2\/tags?post=723975"}],"curies":[{"name":"wp","href":"https:\/\/api.w.org\/{rel}","templated":true}]}}