{"id":724101,"date":"2016-04-08T17:10:06","date_gmt":"2016-04-08T15:10:06","guid":{"rendered":"https:\/\/dailynewshungary.com\/it\/il-presidente-della-repubblica-del-tatarstan-ha-visitato-lungheria\/"},"modified":"2016-04-08T17:10:06","modified_gmt":"2016-04-08T15:10:06","slug":"il-presidente-della-repubblica-del-tatarstan-ha-visitato-lungheria","status":"publish","type":"post","link":"https:\/\/dailynewshungary.com\/it\/il-presidente-della-repubblica-del-tatarstan-ha-visitato-lungheria\/","title":{"rendered":"Il presidente della Repubblica del Tatarstan ha visitato l\u2019Ungheria"},"content":{"rendered":"<p><strong>Budapest, 8 aprile (MTI) Il dialogo aperto e sincero all&#8217;interno dell&#8217;UE sul futuro delle sanzioni contro la Russia sembra inevitabile data la loro dubbia efficacia nella risoluzione del conflitto ucraino, ha detto il ministro degli Esteri ungherese dopo i colloqui con il presidente Rustam Minnikhanov della Repubblica del Tatarstan, un soggetto federale della Russia, venerd\u00ec.<\/strong><\/p>\n<p>L&#8217;Ungheria sostiene l&#8217;attuazione su vasta scala degli accordi di Minsk ma \u201c dubita che possano essere pienamente attuati, ha affermato in un comunicato stampa il\u201d P\u00e9ter Szijj\u00e1rt\u00f3.<\/p>\n<p>\u201c\u00c8 proprio contrario agli interessi dell&#8217;Europa che, giorno dopo giorno, ci allontaniamo sempre pi\u00f9 dalla cooperazione pragmatica e dalla normalizzazione delle relazioni con la Russia, ha affermato, rilevando l&#8217;effetto deleterio sull&#8217;economia ungherese.<\/p>\n<p>Le sanzioni dell&#8217;UE imposte alla Russia hanno gravemente colpito il commercio bilaterale dell&#8217;Ungheria con il Tatarstan, ha detto Szijj\u00e1rt\u00f3, sottolineando che il suo volume \u00e8 sceso della met\u00e0, a circa 500 milioni di dollari negli ultimi due anni.<\/p>\n<p>Nel tentativo di invertire la tendenza, l&#8217;Ungheria ha aperto un consolato generale a Kazan l&#8217;anno scorso, il primo paese dell&#8217;UE a farlo, ha detto. Sono state identificate anche le principali aree di cooperazione commerciale bilaterale, come gli investimenti nella tecnologia agricola in Tatarstan con il sostegno dell&#8217;Eximbank ungherese, la fornitura di componenti per automobili e il settore energetico. Inoltre, l&#8217;Ungheria e il Tatarstan sono vicini a concordare il lancio di un volo diretto tra Budapest e Kazan quest&#8217;anno.<\/p>\n<p>Minnikhanov ha anche sottolineato la necessit\u00e0 di porre fine al confronto politico tra l&#8217;Unione europea e la Russia Ha espresso soddisfazione per le relazioni tataro-ungheresi, evidenziando la cooperazione nei settori dell&#8217;economia, del commercio, della cultura, dell&#8217;istruzione e dello sport.<\/p>\n<p>Il Tatarstan si sforza di rafforzare ulteriormente le relazioni bilaterali, ha affermato.<\/p>\n<div id=\"gallery-2\" class=\"gallery galleryid-37783 gallery-columns-3 gallery-size-large\">\n<figure class=\"gallery-item\">\n<div class=\"gallery-icon landscape\">\n\t\t\t\t<a href=\"https:\/\/dailynewshungary.com\/it\/il-presidente-della-repubblica-del-tatarstan-ha-visitato-lungheria\/\"><img loading=\"lazy\" decoding=\"async\" width=\"600\" height=\"400\" src=\"https:\/\/contentf5.dailynewshungary.com\/wp-content\/uploads\/2016\/04\/tatarstan-hungary-budapest-9.jpg\" class=\"attachment-large size-large\" alt=\"Tatarstan Hungary Budapest\" aria-describedby=\"gallery-2-37784\" srcset=\"https:\/\/contentf5.dailynewshungary.com\/wp-content\/uploads\/2016\/04\/tatarstan-hungary-budapest-9.jpg 600w, https:\/\/contentf5.dailynewshungary.com\/wp-content\/uploads\/2016\/04\/tatarstan-hungary-budapest-9-300x200.jpg 300w\" sizes=\"auto, (max-width: 600px) 100vw, 600px\"><\/a>\n\t\t\t<\/div><figcaption class=\"wp-caption-text gallery-caption\" id=\"gallery-2-37784\">\n\t\t\t\tIl giorno della Repubblica del Tatarstan<br \/>\n\t\t\t\t<\/figcaption><\/figure>\n<figure class=\"gallery-item\">\n<div class=\"gallery-icon landscape\">\n\t\t\t\t<a href=\"https:\/\/dailynewshungary.com\/it\/il-presidente-della-repubblica-del-tatarstan-ha-visitato-lungheria\/\"><img loading=\"lazy\" decoding=\"async\" width=\"600\" height=\"440\" src=\"https:\/\/contentf5.dailynewshungary.com\/wp-content\/uploads\/2016\/04\/tatarstan-hungary-budapest-5.jpg\" class=\"attachment-large size-large\" alt=\"Tatarstan Hungary Budapest\" srcset=\"https:\/\/contentf5.dailynewshungary.com\/wp-content\/uploads\/2016\/04\/tatarstan-hungary-budapest-5.jpg 600w, https:\/\/contentf5.dailynewshungary.com\/wp-content\/uploads\/2016\/04\/tatarstan-hungary-budapest-5-300x220.jpg 300w\" sizes=\"auto, (max-width: 600px) 100vw, 600px\"><\/a>\n\t\t\t<\/div>\n<\/figure>\n<figure class=\"gallery-item\">\n<div class=\"gallery-icon landscape\">\n\t\t\t\t<a href=\"https:\/\/dailynewshungary.com\/it\/il-presidente-della-repubblica-del-tatarstan-ha-visitato-lungheria\/\"><img loading=\"lazy\" decoding=\"async\" width=\"600\" height=\"419\" src=\"https:\/\/contentf5.dailynewshungary.com\/wp-content\/uploads\/2016\/04\/tatarstan-hungary-budapest-6.jpg\" class=\"attachment-large size-large\" alt=\"Tatarstan Hungary Budapest\" srcset=\"https:\/\/contentf5.dailynewshungary.com\/wp-content\/uploads\/2016\/04\/tatarstan-hungary-budapest-6.jpg 600w, https:\/\/contentf5.dailynewshungary.com\/wp-content\/uploads\/2016\/04\/tatarstan-hungary-budapest-6-300x210.jpg 300w, https:\/\/contentf5.dailynewshungary.com\/wp-content\/uploads\/2016\/04\/tatarstan-hungary-budapest-6-116x80.jpg 116w\" sizes=\"auto, (max-width: 600px) 100vw, 600px\"><\/a>\n\t\t\t<\/div>\n<\/figure>\n<figure class=\"gallery-item\">\n<div class=\"gallery-icon landscape\">\n\t\t\t\t<a href=\"https:\/\/dailynewshungary.com\/it\/il-presidente-della-repubblica-del-tatarstan-ha-visitato-lungheria\/\"><img loading=\"lazy\" decoding=\"async\" width=\"600\" height=\"441\" src=\"https:\/\/contentf5.dailynewshungary.com\/wp-content\/uploads\/2016\/04\/tatarstan-hungary-budapest-7.jpg\" class=\"attachment-large size-large\" alt=\"Tatarstan Hungary Budapest\" srcset=\"https:\/\/contentf5.dailynewshungary.com\/wp-content\/uploads\/2016\/04\/tatarstan-hungary-budapest-7.jpg 600w, https:\/\/contentf5.dailynewshungary.com\/wp-content\/uploads\/2016\/04\/tatarstan-hungary-budapest-7-300x221.jpg 300w\" sizes=\"auto, (max-width: 600px) 100vw, 600px\"><\/a>\n\t\t\t<\/div>\n<\/figure>\n<figure class=\"gallery-item\">\n<div class=\"gallery-icon landscape\">\n\t\t\t\t<a href=\"https:\/\/dailynewshungary.com\/it\/il-presidente-della-repubblica-del-tatarstan-ha-visitato-lungheria\/\"><img loading=\"lazy\" decoding=\"async\" width=\"600\" height=\"433\" src=\"https:\/\/contentf5.dailynewshungary.com\/wp-content\/uploads\/2016\/04\/tatarstan-hungary-budapest-8.jpg\" class=\"attachment-large size-large\" alt=\"Tatarstan Hungary Budapest\" aria-describedby=\"gallery-2-37785\" srcset=\"https:\/\/contentf5.dailynewshungary.com\/wp-content\/uploads\/2016\/04\/tatarstan-hungary-budapest-8.jpg 600w, https:\/\/contentf5.dailynewshungary.com\/wp-content\/uploads\/2016\/04\/tatarstan-hungary-budapest-8-300x217.jpg 300w\" sizes=\"auto, (max-width: 600px) 100vw, 600px\"><\/a>\n\t\t\t<\/div><figcaption class=\"wp-caption-text gallery-caption\" id=\"gallery-2-37785\">\n\t\t\t\tIl giorno della Repubblica del Tatarstan<br \/>\n\t\t\t\t<\/figcaption><\/figure>\n<figure class=\"gallery-item\">\n<div class=\"gallery-icon landscape\">\n\t\t\t\t<a href=\"https:\/\/dailynewshungary.com\/it\/il-presidente-della-repubblica-del-tatarstan-ha-visitato-lungheria\/\"><img loading=\"lazy\" decoding=\"async\" width=\"600\" height=\"404\" src=\"https:\/\/contentf5.dailynewshungary.com\/wp-content\/uploads\/2016\/04\/tatarstan-hungary-budapest-4.jpg\" class=\"attachment-large size-large\" alt=\"Tatarstan Hungary Budapest\" srcset=\"https:\/\/contentf5.dailynewshungary.com\/wp-content\/uploads\/2016\/04\/tatarstan-hungary-budapest-4.jpg 600w, https:\/\/contentf5.dailynewshungary.com\/wp-content\/uploads\/2016\/04\/tatarstan-hungary-budapest-4-300x202.jpg 300w\" sizes=\"auto, (max-width: 600px) 100vw, 600px\"><\/a>\n\t\t\t<\/div>\n<\/figure>\n<figure class=\"gallery-item\">\n<div class=\"gallery-icon landscape\">\n\t\t\t\t<a href=\"https:\/\/dailynewshungary.com\/it\/il-presidente-della-repubblica-del-tatarstan-ha-visitato-lungheria\/\"><img loading=\"lazy\" decoding=\"async\" width=\"600\" height=\"399\" src=\"https:\/\/contentf5.dailynewshungary.com\/wp-content\/uploads\/2016\/04\/tatarstan-hungary-budapest-3.jpg\" class=\"attachment-large size-large\" alt=\"Tatarstan Hungary Budapest\" srcset=\"https:\/\/contentf5.dailynewshungary.com\/wp-content\/uploads\/2016\/04\/tatarstan-hungary-budapest-3.jpg 600w, https:\/\/contentf5.dailynewshungary.com\/wp-content\/uploads\/2016\/04\/tatarstan-hungary-budapest-3-300x200.jpg 300w\" sizes=\"auto, (max-width: 600px) 100vw, 600px\"><\/a>\n\t\t\t<\/div>\n<\/figure>\n<figure class=\"gallery-item\">\n<div class=\"gallery-icon landscape\">\n\t\t\t\t<a href=\"https:\/\/dailynewshungary.com\/it\/il-presidente-della-repubblica-del-tatarstan-ha-visitato-lungheria\/\"><img loading=\"lazy\" decoding=\"async\" width=\"600\" height=\"399\" src=\"https:\/\/contentf5.dailynewshungary.com\/wp-content\/uploads\/2016\/04\/tatarstan-hungary-budapest.jpg\" class=\"attachment-large size-large\" alt=\"Tatarstan Hungary Budapest\" srcset=\"https:\/\/contentf5.dailynewshungary.com\/wp-content\/uploads\/2016\/04\/tatarstan-hungary-budapest.jpg 600w, https:\/\/contentf5.dailynewshungary.com\/wp-content\/uploads\/2016\/04\/tatarstan-hungary-budapest-300x200.jpg 300w\" sizes=\"auto, (max-width: 600px) 100vw, 600px\"><\/a>\n\t\t\t<\/div>\n<\/figure><\/div>\n<p><em>Foto: MTI<\/em><\/p>\n","protected":false},"excerpt":{"rendered":"<p>Budapest, 8 aprile (MTI) Il dialogo aperto e sincero all&#8217;interno dell&#8217;UE sul futuro delle sanzioni contro la Russia sembra inevitabile data la loro dubbia efficacia nella risoluzione del conflitto ucraino, ha detto il ministro degli Esteri ungherese dopo i colloqui con il presidente Rustam Minnikhanov della Repubblica del Tatarstan, un soggetto federale della Russia, venerd\u00ec. [&hellip;]<\/p>\n","protected":false},"author":2,"featured_media":724102,"comment_status":"open","ping_status":"open","sticky":false,"template":"","format":"standard","meta":{"_display_image":"","footnotes":""},"categories":[1185],"tags":[1157,1132,1092,1083],"class_list":["post-724101","post","type-post","status-publish","format-standard","has-post-thumbnail","hentry","category-politica-in-ungheria","tag-asia","tag-economia","tag-ministero-degli-affari-esteri-dellungheria","tag-viktor-orban"],"blocksy_meta":[],"author_username":"alk","telegram_post":"","public_post_metadata":{"breaking_news":"","important":"","csempe":"","center_tile":"","disable_thumbnail":"","target_lang":"","_featured_image_style":"","telegram_post":"","_xlat_group_id":""},"public_rank_math_data":{"title":"%titolo% %sep% %nomesito%","description":"","focus_keyword":"","canonical_url":"","robots":"","primary_category":"1185","breadcrumb_title":"","facebook_title":"","facebook_description":"","facebook_image":"","facebook_image_id":"","twitter_title":"","twitter_description":"","twitter_image":"","twitter_image_id":"","twitter_card_type":"","twitter_use_facebook":"","advanced_robots":"","pillar_content":"","seo_score":"","contentai_score":"","rich_snippet":""},"_links":{"self":[{"href":"https:\/\/dailynewshungary.com\/it\/wp-json\/wp\/v2\/posts\/724101","targetHints":{"allow":["GET"]}}],"collection":[{"href":"https:\/\/dailynewshungary.com\/it\/wp-json\/wp\/v2\/posts"}],"about":[{"href":"https:\/\/dailynewshungary.com\/it\/wp-json\/wp\/v2\/types\/post"}],"author":[{"embeddable":true,"href":"https:\/\/dailynewshungary.com\/it\/wp-json\/wp\/v2\/users\/2"}],"replies":[{"embeddable":true,"href":"https:\/\/dailynewshungary.com\/it\/wp-json\/wp\/v2\/comments?post=724101"}],"version-history":[{"count":0,"href":"https:\/\/dailynewshungary.com\/it\/wp-json\/wp\/v2\/posts\/724101\/revisions"}],"wp:featuredmedia":[{"embeddable":true,"href":"https:\/\/dailynewshungary.com\/it\/wp-json\/wp\/v2\/media\/724102"}],"wp:attachment":[{"href":"https:\/\/dailynewshungary.com\/it\/wp-json\/wp\/v2\/media?parent=724101"}],"wp:term":[{"taxonomy":"category","embeddable":true,"href":"https:\/\/dailynewshungary.com\/it\/wp-json\/wp\/v2\/categories?post=724101"},{"taxonomy":"post_tag","embeddable":true,"href":"https:\/\/dailynewshungary.com\/it\/wp-json\/wp\/v2\/tags?post=724101"}],"curies":[{"name":"wp","href":"https:\/\/api.w.org\/{rel}","templated":true}]}}