{"id":724110,"date":"2016-04-08T11:26:00","date_gmt":"2016-04-08T09:26:00","guid":{"rendered":"https:\/\/dailynewshungary.com\/it\/delegazione-trasversale-di-rappresentanti-del-congresso-degli-stati-uniti-in-ungheria\/"},"modified":"2016-04-08T11:26:00","modified_gmt":"2016-04-08T09:26:00","slug":"delegazione-trasversale-di-rappresentanti-del-congresso-degli-stati-uniti-in-ungheria","status":"publish","type":"post","link":"https:\/\/dailynewshungary.com\/it\/delegazione-trasversale-di-rappresentanti-del-congresso-degli-stati-uniti-in-ungheria\/","title":{"rendered":"Delegazione trasversale di rappresentanti del Congresso degli Stati Uniti in Ungheria"},"content":{"rendered":"<p><strong>Budapest, 8 aprile (MTI) 8 Ricevendo una delegazione trasversale di rappresentanti del Congresso degli Stati Uniti, il ministro degli Esteri ungherese P\u00e9ter Szijj\u00e1rt\u00f3 ha dichiarato venerd\u00ec che i legami economici tra i due paesi non sono mai stati cos\u00ec sviluppati come lo sono oggi.<\/strong><\/p>\n<p>Il ministero ha affermato in una dichiarazione che oltre all&#8217;Unione Europea, gli Stati Uniti sono la destinazione numero uno per le esportazioni dell&#8217;Ungheria e l&#8217;anno scorso gli Stati Uniti hanno fornito all&#8217;Ungheria il secondo pi\u00f9 alto input di investimenti diretti esteri. Completamente 1.600 aziende americane impiegano 100.000 ungheresi, aggiunge la dichiarazione.<\/p>\n<div id=\"gallery-3\" class=\"gallery galleryid-37743 gallery-columns-3 gallery-size-large\">\n<figure class=\"gallery-item\">\n<div class=\"gallery-icon landscape\">\n\t\t\t\t<a href=\"https:\/\/dailynewshungary.com\/it\/delegazione-trasversale-di-rappresentanti-del-congresso-degli-stati-uniti-in-ungheria\/\"><img loading=\"lazy\" decoding=\"async\" width=\"600\" height=\"399\" src=\"https:\/\/contentf5.dailynewshungary.com\/wp-content\/uploads\/2016\/04\/usa-hungray.jpg\" class=\"attachment-large size-large\" alt=\"Usa Hungray\" srcset=\"https:\/\/contentf5.dailynewshungary.com\/wp-content\/uploads\/2016\/04\/usa-hungray.jpg 600w, https:\/\/contentf5.dailynewshungary.com\/wp-content\/uploads\/2016\/04\/usa-hungray-300x200.jpg 300w\" sizes=\"auto, (max-width: 600px) 100vw, 600px\"><\/a>\n\t\t\t<\/div>\n<\/figure>\n<figure class=\"gallery-item\">\n<div class=\"gallery-icon landscape\">\n\t\t\t\t<a href=\"https:\/\/dailynewshungary.com\/it\/delegazione-trasversale-di-rappresentanti-del-congresso-degli-stati-uniti-in-ungheria\/\"><img loading=\"lazy\" decoding=\"async\" width=\"600\" height=\"399\" src=\"https:\/\/contentf5.dailynewshungary.com\/wp-content\/uploads\/2016\/04\/usa-hungary.jpg\" class=\"attachment-large size-large\" alt=\"Usa Hungary\" srcset=\"https:\/\/contentf5.dailynewshungary.com\/wp-content\/uploads\/2016\/04\/usa-hungary.jpg 600w, https:\/\/contentf5.dailynewshungary.com\/wp-content\/uploads\/2016\/04\/usa-hungary-300x200.jpg 300w\" sizes=\"auto, (max-width: 600px) 100vw, 600px\"><\/a>\n\t\t\t<\/div>\n<\/figure>\n<figure class=\"gallery-item\">\n<div class=\"gallery-icon landscape\">\n\t\t\t\t<a href=\"https:\/\/dailynewshungary.com\/it\/delegazione-trasversale-di-rappresentanti-del-congresso-degli-stati-uniti-in-ungheria\/\"><img loading=\"lazy\" decoding=\"async\" width=\"600\" height=\"399\" src=\"https:\/\/contentf5.dailynewshungary.com\/wp-content\/uploads\/2016\/04\/usa-hungary-2.jpg\" class=\"attachment-large size-large\" alt=\"Usa Hungary\" srcset=\"https:\/\/contentf5.dailynewshungary.com\/wp-content\/uploads\/2016\/04\/usa-hungary-2.jpg 600w, https:\/\/contentf5.dailynewshungary.com\/wp-content\/uploads\/2016\/04\/usa-hungary-2-300x200.jpg 300w\" sizes=\"auto, (max-width: 600px) 100vw, 600px\"><\/a>\n\t\t\t<\/div>\n<\/figure><\/div>\n<p>L&#8217;Ungheria \u00e8 orgogliosa che i suoi soldati servano al fianco delle loro controparti americane in vari punti del mondo come in Kurdistan e in Afghanistan, ha detto il ministero.<\/p>\n<p>Il primo ministro Viktor Orb\u00e1n ha incontrato venerd\u00ec la delegazione dei rappresentanti degli Stati Uniti in parlamento, ha detto il capo della stampa dell&#8217;ufficio del primo ministro. I partecipanti all&#8217;incontro, tra cui l&#8217;ambasciatrice americana Colleen Bell, hanno esaminato l&#8217;attuale posizione delle relazioni Ungheria-USA, ha detto Bertalan Havasi. La crisi migratoria europea \u00e8 stata un argomento evidenziato nei colloqui e Orb\u00e1n ha delineato gli obblighi dell&#8217;Ungheria derivanti dal trattato di Schengen. Durante l&#8217;incontro \u00e8 stata discussa anche la crisi ucraina, ha aggiunto Havasi.<\/p>\n","protected":false},"excerpt":{"rendered":"<p>Budapest, 8 aprile (MTI) 8 Ricevendo una delegazione trasversale di rappresentanti del Congresso degli Stati Uniti, il ministro degli Esteri ungherese P\u00e9ter Szijj\u00e1rt\u00f3 ha dichiarato venerd\u00ec che i legami economici tra i due paesi non sono mai stati cos\u00ec sviluppati come lo sono oggi. Il ministero ha affermato in una dichiarazione che oltre all&#8217;Unione Europea, [&hellip;]<\/p>\n","protected":false},"author":2,"featured_media":724111,"comment_status":"open","ping_status":"open","sticky":false,"template":"","format":"standard","meta":{"_display_image":"","footnotes":""},"categories":[1185],"tags":[1092,1111],"class_list":["post-724110","post","type-post","status-publish","format-standard","has-post-thumbnail","hentry","category-politica-in-ungheria","tag-ministero-degli-affari-esteri-dellungheria","tag-stati-uniti"],"blocksy_meta":[],"author_username":"alk","telegram_post":"","public_post_metadata":{"breaking_news":"","important":"","csempe":"","center_tile":"","disable_thumbnail":"","target_lang":"","_featured_image_style":"","telegram_post":"","_xlat_group_id":""},"public_rank_math_data":{"title":"%titolo% %sep% %nomesito%","description":"","focus_keyword":"","canonical_url":"","robots":"","primary_category":"1185","breadcrumb_title":"","facebook_title":"","facebook_description":"","facebook_image":"","facebook_image_id":"","twitter_title":"","twitter_description":"","twitter_image":"","twitter_image_id":"","twitter_card_type":"","twitter_use_facebook":"","advanced_robots":"","pillar_content":"","seo_score":"","contentai_score":"","rich_snippet":""},"_links":{"self":[{"href":"https:\/\/dailynewshungary.com\/it\/wp-json\/wp\/v2\/posts\/724110","targetHints":{"allow":["GET"]}}],"collection":[{"href":"https:\/\/dailynewshungary.com\/it\/wp-json\/wp\/v2\/posts"}],"about":[{"href":"https:\/\/dailynewshungary.com\/it\/wp-json\/wp\/v2\/types\/post"}],"author":[{"embeddable":true,"href":"https:\/\/dailynewshungary.com\/it\/wp-json\/wp\/v2\/users\/2"}],"replies":[{"embeddable":true,"href":"https:\/\/dailynewshungary.com\/it\/wp-json\/wp\/v2\/comments?post=724110"}],"version-history":[{"count":0,"href":"https:\/\/dailynewshungary.com\/it\/wp-json\/wp\/v2\/posts\/724110\/revisions"}],"wp:featuredmedia":[{"embeddable":true,"href":"https:\/\/dailynewshungary.com\/it\/wp-json\/wp\/v2\/media\/724111"}],"wp:attachment":[{"href":"https:\/\/dailynewshungary.com\/it\/wp-json\/wp\/v2\/media?parent=724110"}],"wp:term":[{"taxonomy":"category","embeddable":true,"href":"https:\/\/dailynewshungary.com\/it\/wp-json\/wp\/v2\/categories?post=724110"},{"taxonomy":"post_tag","embeddable":true,"href":"https:\/\/dailynewshungary.com\/it\/wp-json\/wp\/v2\/tags?post=724110"}],"curies":[{"name":"wp","href":"https:\/\/api.w.org\/{rel}","templated":true}]}}