{"id":724192,"date":"2016-04-05T17:30:36","date_gmt":"2016-04-05T15:30:36","guid":{"rendered":"https:\/\/dailynewshungary.com\/it\/la-pittura-franco-ungherese-rende-omaggio-alle-vittime-degli-attacchi-terroristici-di-parigi\/"},"modified":"2016-04-05T17:30:36","modified_gmt":"2016-04-05T15:30:36","slug":"la-pittura-franco-ungherese-rende-omaggio-alle-vittime-degli-attacchi-terroristici-di-parigi","status":"publish","type":"post","link":"https:\/\/dailynewshungary.com\/it\/la-pittura-franco-ungherese-rende-omaggio-alle-vittime-degli-attacchi-terroristici-di-parigi\/","title":{"rendered":"La pittura franco-ungherese rende omaggio alle vittime degli attacchi terroristici di Parigi"},"content":{"rendered":"<p><strong>Budapest, 5 aprile (MTI) Un artista francese e uno ungherese si sono uniti per rendere omaggio alle vittime degli attacchi terroristici dello scorso anno a Parigi.<\/strong><\/p>\n<p><img loading=\"lazy\" decoding=\"async\" class=\"size-medium wp-image-37498 alignright\" src=\"https:\/\/dailynewshungary.com\/wp-content\/uploads\/2016\/04\/french-200x300.jpg\" alt=\"francese\" width=\"200\" height=\"300\" srcset=\"https:\/\/contentf5.dailynewshungary.com\/wp-content\/uploads\/2016\/04\/french-200x300.jpg 200w, https:\/\/contentf5.dailynewshungary.com\/wp-content\/uploads\/2016\/04\/french.jpg 400w\" sizes=\"auto, (max-width: 200px) 100vw, 200px\">Il dipinto di Marie-Claude Eisenbeth-Combeau e L\u00e1szl\u00f3 Albert che illustra l&#8217;amicizia franco-ungherese \u00e8 stato presentato marted\u00ec all&#8217;ambasciatore francese Eric Fournier da Laszlo Szabo, segretario di Stato ungherese per gli affari esteri, nella citt\u00e0 natale di Albert, Kaposv\u00e1r, nell&#8217;Ungheria sud-occidentale.<\/p>\n<p>Utilizzando i colori del tricolore francese, l&#8217;opera combina il profilo della figura femminile in Liberty Leading the People di Delacroix con immagini frammentate.<\/p>\n<p>Rivolgendosi all&#8217;evento, Szabo ha affermato che gli attacchi terroristici in Francia e Bruxelles hanno preso di mira le persone e gli ideali dell&#8217;Europa piuttosto che i paesi in questione.<\/p>\n<p>L&#8217;ambasciatore francese ha detto che lo scopo degli attacchi terroristici era stato quello di distruggere la cultura europea Il messaggio del dipinto \u00e8 che sono necessari sforzi congiunti per combattere il terrorismo, ha aggiunto.<\/p>\n<p><em>Foto: MTI<\/em><\/p>\n","protected":false},"excerpt":{"rendered":"<p>Budapest, 5 aprile (MTI) Un artista francese e uno ungherese si sono uniti per rendere omaggio alle vittime degli attacchi terroristici dello scorso anno a Parigi. Il dipinto di Marie-Claude Eisenbeth-Combeau e L\u00e1szl\u00f3 Albert che illustra l&#8217;amicizia franco-ungherese \u00e8 stato presentato marted\u00ec all&#8217;ambasciatore francese Eric Fournier da Laszlo Szabo, segretario di Stato ungherese per gli [&hellip;]<\/p>\n","protected":false},"author":2,"featured_media":724193,"comment_status":"open","ping_status":"open","sticky":false,"template":"","format":"standard","meta":{"_display_image":"","footnotes":""},"categories":[1304],"tags":[1256,1141,1540,1193],"class_list":["post-724192","post","type-post","status-publish","format-standard","has-post-thumbnail","hentry","category-cultura-in-ungheria","tag-arte","tag-francia","tag-pittura","tag-terrorismo"],"blocksy_meta":[],"author_username":"alk","telegram_post":"","public_post_metadata":{"breaking_news":"","important":"","csempe":"","center_tile":"","disable_thumbnail":"","target_lang":"","_featured_image_style":"","telegram_post":"","_xlat_group_id":""},"public_rank_math_data":{"title":"%titolo% %sep% %nomesito%","description":"","focus_keyword":"","canonical_url":"","robots":"","primary_category":"1304","breadcrumb_title":"","facebook_title":"","facebook_description":"","facebook_image":"","facebook_image_id":"","twitter_title":"","twitter_description":"","twitter_image":"","twitter_image_id":"","twitter_card_type":"","twitter_use_facebook":"","advanced_robots":"","pillar_content":"","seo_score":"","contentai_score":"","rich_snippet":""},"_links":{"self":[{"href":"https:\/\/dailynewshungary.com\/it\/wp-json\/wp\/v2\/posts\/724192","targetHints":{"allow":["GET"]}}],"collection":[{"href":"https:\/\/dailynewshungary.com\/it\/wp-json\/wp\/v2\/posts"}],"about":[{"href":"https:\/\/dailynewshungary.com\/it\/wp-json\/wp\/v2\/types\/post"}],"author":[{"embeddable":true,"href":"https:\/\/dailynewshungary.com\/it\/wp-json\/wp\/v2\/users\/2"}],"replies":[{"embeddable":true,"href":"https:\/\/dailynewshungary.com\/it\/wp-json\/wp\/v2\/comments?post=724192"}],"version-history":[{"count":0,"href":"https:\/\/dailynewshungary.com\/it\/wp-json\/wp\/v2\/posts\/724192\/revisions"}],"wp:featuredmedia":[{"embeddable":true,"href":"https:\/\/dailynewshungary.com\/it\/wp-json\/wp\/v2\/media\/724193"}],"wp:attachment":[{"href":"https:\/\/dailynewshungary.com\/it\/wp-json\/wp\/v2\/media?parent=724192"}],"wp:term":[{"taxonomy":"category","embeddable":true,"href":"https:\/\/dailynewshungary.com\/it\/wp-json\/wp\/v2\/categories?post=724192"},{"taxonomy":"post_tag","embeddable":true,"href":"https:\/\/dailynewshungary.com\/it\/wp-json\/wp\/v2\/tags?post=724192"}],"curies":[{"name":"wp","href":"https:\/\/api.w.org\/{rel}","templated":true}]}}