{"id":724529,"date":"2016-03-23T19:00:01","date_gmt":"2016-03-23T18:00:01","guid":{"rendered":"https:\/\/dailynewshungary.com\/it\/szijjarto-respinge-le-aspre-critiche-del-presidente-del-parlamento-europeo\/"},"modified":"2016-03-23T19:00:01","modified_gmt":"2016-03-23T18:00:01","slug":"szijjarto-respinge-le-aspre-critiche-del-presidente-del-parlamento-europeo","status":"publish","type":"post","link":"https:\/\/dailynewshungary.com\/it\/szijjarto-respinge-le-aspre-critiche-del-presidente-del-parlamento-europeo\/","title":{"rendered":"Szijj\u00e1rt\u00f3 respinge le aspre critiche del presidente del Parlamento europeo"},"content":{"rendered":"<p><strong>Budapest, 3 marzo (MTI) 2 Ungheria \u201cha il diritto di esprimere la propria opinione\u201d, ha detto il ministro degli Esteri in reazione alle acute osservazioni del presidente del Parlamento europeo Martin Schulz, che ha criticato il progetto del governo ungherese di indire un referendum sulle quote migratorie.<\/strong><\/p>\n<p>In un&#8217;intervista di mercoled\u00ec, Schulz ha affermato che il sistema delle quote \u00e8 stato progettato per distribuire equamente il peso dell&#8217;immigrazione nella comunit\u00e0, e si \u00e8 rammaricato che alcuni leader europei \u201c non siano riusciti a cogliere l&#8217;\u201d. Finch\u00e9 \u201cpersone come Viktor Orb\u00e1n\u201d, il primo ministro ungherese, affermano che la questione migratoria \u00e8 solo un problema di \u201ca per Germany\u201d, l&#8217;Europa non sar\u00e0 in grado di farcela, ha insistito Schulz. Ha detto che i piani del governo ungherese di indire un referendum su \u201c se accogliere 1.290 rifugiati\u201d erano \u201cnon solo assurdo ma perfido, troppo\u201d.<\/p>\n<p>In reazione, Szijj\u00e1rt\u00f3 ha affermato che gli \u201cungariani hanno il diritto di decidere con\u201d chi vogliono vivere insieme.<\/p>\n<p>Szijj\u00e1rt\u00f3 ha definito gli attacchi terroristici di marted\u00ec a Bruxelles come una verit\u00e0 che apre la porta e ha suggerito che Schulz dovrebbe svegliarsi dai suoi sogni\u201d e cercare soluzioni rare piuttosto che lanciare accuse sciocche\u201d.<\/p>\n","protected":false},"excerpt":{"rendered":"<p>Budapest, 3 marzo (MTI) 2 Ungheria \u201cha il diritto di esprimere la propria opinione\u201d, ha detto il ministro degli Esteri in reazione alle acute osservazioni del presidente del Parlamento europeo Martin Schulz, che ha criticato il progetto del governo ungherese di indire un referendum sulle quote migratorie. In un&#8217;intervista di mercoled\u00ec, Schulz ha affermato che [&hellip;]<\/p>\n","protected":false},"author":2,"featured_media":724530,"comment_status":"open","ping_status":"open","sticky":false,"template":"","format":"standard","meta":{"_display_image":"","footnotes":""},"categories":[1185],"tags":[1092,1075],"class_list":["post-724529","post","type-post","status-publish","format-standard","has-post-thumbnail","hentry","category-politica-in-ungheria","tag-ministero-degli-affari-esteri-dellungheria","tag-unione-europea"],"blocksy_meta":[],"author_username":"alk","telegram_post":"","public_post_metadata":{"breaking_news":"","important":"","csempe":"","center_tile":"","disable_thumbnail":"","target_lang":"","_featured_image_style":"","telegram_post":"","_xlat_group_id":""},"public_rank_math_data":{"title":"%titolo% %sep% %nomesito%","description":"","focus_keyword":"","canonical_url":"","robots":"","primary_category":"1185","breadcrumb_title":"","facebook_title":"","facebook_description":"","facebook_image":"","facebook_image_id":"","twitter_title":"","twitter_description":"","twitter_image":"","twitter_image_id":"","twitter_card_type":"","twitter_use_facebook":"","advanced_robots":"","pillar_content":"","seo_score":"","contentai_score":"","rich_snippet":""},"_links":{"self":[{"href":"https:\/\/dailynewshungary.com\/it\/wp-json\/wp\/v2\/posts\/724529","targetHints":{"allow":["GET"]}}],"collection":[{"href":"https:\/\/dailynewshungary.com\/it\/wp-json\/wp\/v2\/posts"}],"about":[{"href":"https:\/\/dailynewshungary.com\/it\/wp-json\/wp\/v2\/types\/post"}],"author":[{"embeddable":true,"href":"https:\/\/dailynewshungary.com\/it\/wp-json\/wp\/v2\/users\/2"}],"replies":[{"embeddable":true,"href":"https:\/\/dailynewshungary.com\/it\/wp-json\/wp\/v2\/comments?post=724529"}],"version-history":[{"count":0,"href":"https:\/\/dailynewshungary.com\/it\/wp-json\/wp\/v2\/posts\/724529\/revisions"}],"wp:featuredmedia":[{"embeddable":true,"href":"https:\/\/dailynewshungary.com\/it\/wp-json\/wp\/v2\/media\/724530"}],"wp:attachment":[{"href":"https:\/\/dailynewshungary.com\/it\/wp-json\/wp\/v2\/media?parent=724529"}],"wp:term":[{"taxonomy":"category","embeddable":true,"href":"https:\/\/dailynewshungary.com\/it\/wp-json\/wp\/v2\/categories?post=724529"},{"taxonomy":"post_tag","embeddable":true,"href":"https:\/\/dailynewshungary.com\/it\/wp-json\/wp\/v2\/tags?post=724529"}],"curies":[{"name":"wp","href":"https:\/\/api.w.org\/{rel}","templated":true}]}}