{"id":724621,"date":"2016-03-21T06:30:56","date_gmt":"2016-03-21T05:30:56","guid":{"rendered":"https:\/\/dailynewshungary.com\/it\/sistema-educativo-corto-di-fiorini-da-100-miliardi-dice-lesperto\/"},"modified":"2016-03-21T06:30:56","modified_gmt":"2016-03-21T05:30:56","slug":"sistema-educativo-corto-di-fiorini-da-100-miliardi-dice-lesperto","status":"publish","type":"post","link":"https:\/\/dailynewshungary.com\/it\/sistema-educativo-corto-di-fiorini-da-100-miliardi-dice-lesperto\/","title":{"rendered":"Sistema educativo corto di fiorini da 100 miliardi, dice l\u2019esperto"},"content":{"rendered":"<p><strong>Budapest, 2 marzo (MTI) Il sistema educativo ungherese avrebbe bisogno di 100 miliardi di fiorini in pi\u00f9 dal bilancio nazionale ogni anno, ha detto domenica sera alla televisione pubblica M1 un economista senior dell&#8217;istituto di ricerche di mercato Szazadveg.<\/strong><\/p>\n<p>Gy\u00f6rgy L\u00e1szl\u00f3 ha affermato che il governo \u201cis si aspetta che quest&#8217;anno garantisca tali fondi, colmando cos\u00ec il divario tra l&#8217;Ungheria e la media europea. Citando i dati Eurostat, ha affermato che l&#8217;Ungheria \u00e8 inferiore dello 0,3% a quella media in termini di rapporto spesa-PIL per l&#8217;istruzione.<\/p>\n<p>Per quanto riguarda la qualit\u00e0 dell&#8217;istruzione, l&#8217;esperto ha affermato che i risultati degli studenti ungheresi si trovano nella fascia medio-bassa dei paesi OCSE, ma ha osservato che esiste una grande differenza tra le migliori scuole secondarie nelle grandi citt\u00e0 e le scuole nelle zone rurali.<\/p>\n","protected":false},"excerpt":{"rendered":"<p>Budapest, 2 marzo (MTI) Il sistema educativo ungherese avrebbe bisogno di 100 miliardi di fiorini in pi\u00f9 dal bilancio nazionale ogni anno, ha detto domenica sera alla televisione pubblica M1 un economista senior dell&#8217;istituto di ricerche di mercato Szazadveg. Gy\u00f6rgy L\u00e1szl\u00f3 ha affermato che il governo \u201cis si aspetta che quest&#8217;anno garantisca tali fondi, colmando [&hellip;]<\/p>\n","protected":false},"author":2,"featured_media":724622,"comment_status":"open","ping_status":"open","sticky":false,"template":"","format":"standard","meta":{"_display_image":"","footnotes":""},"categories":[1185],"tags":[1835],"class_list":["post-724621","post","type-post","status-publish","format-standard","has-post-thumbnail","hentry","category-politica-in-ungheria","tag-educazione"],"blocksy_meta":[],"author_username":"alk","telegram_post":"","public_post_metadata":{"breaking_news":"","important":"","csempe":"","center_tile":"","disable_thumbnail":"","target_lang":"","_featured_image_style":"","telegram_post":"","_xlat_group_id":""},"public_rank_math_data":{"title":"%titolo% %sep% %nomesito%","description":"","focus_keyword":"","canonical_url":"","robots":"","primary_category":"1185","breadcrumb_title":"","facebook_title":"","facebook_description":"","facebook_image":"","facebook_image_id":"","twitter_title":"","twitter_description":"","twitter_image":"","twitter_image_id":"","twitter_card_type":"","twitter_use_facebook":"","advanced_robots":"","pillar_content":"","seo_score":"","contentai_score":"","rich_snippet":""},"_links":{"self":[{"href":"https:\/\/dailynewshungary.com\/it\/wp-json\/wp\/v2\/posts\/724621","targetHints":{"allow":["GET"]}}],"collection":[{"href":"https:\/\/dailynewshungary.com\/it\/wp-json\/wp\/v2\/posts"}],"about":[{"href":"https:\/\/dailynewshungary.com\/it\/wp-json\/wp\/v2\/types\/post"}],"author":[{"embeddable":true,"href":"https:\/\/dailynewshungary.com\/it\/wp-json\/wp\/v2\/users\/2"}],"replies":[{"embeddable":true,"href":"https:\/\/dailynewshungary.com\/it\/wp-json\/wp\/v2\/comments?post=724621"}],"version-history":[{"count":0,"href":"https:\/\/dailynewshungary.com\/it\/wp-json\/wp\/v2\/posts\/724621\/revisions"}],"wp:featuredmedia":[{"embeddable":true,"href":"https:\/\/dailynewshungary.com\/it\/wp-json\/wp\/v2\/media\/724622"}],"wp:attachment":[{"href":"https:\/\/dailynewshungary.com\/it\/wp-json\/wp\/v2\/media?parent=724621"}],"wp:term":[{"taxonomy":"category","embeddable":true,"href":"https:\/\/dailynewshungary.com\/it\/wp-json\/wp\/v2\/categories?post=724621"},{"taxonomy":"post_tag","embeddable":true,"href":"https:\/\/dailynewshungary.com\/it\/wp-json\/wp\/v2\/tags?post=724621"}],"curies":[{"name":"wp","href":"https:\/\/api.w.org\/{rel}","templated":true}]}}