{"id":724809,"date":"2016-03-14T17:57:37","date_gmt":"2016-03-14T16:57:37","guid":{"rendered":"https:\/\/dailynewshungary.com\/it\/riunione-dei-ministri-degli-esteri-dellue-a-bruxelles-laccordo-ue-turchia-ha-perso-la-sua-rilevanza\/"},"modified":"2016-03-14T17:57:37","modified_gmt":"2016-03-14T16:57:37","slug":"riunione-dei-ministri-degli-esteri-dellue-a-bruxelles-laccordo-ue-turchia-ha-perso-la-sua-rilevanza","status":"publish","type":"post","link":"https:\/\/dailynewshungary.com\/it\/riunione-dei-ministri-degli-esteri-dellue-a-bruxelles-laccordo-ue-turchia-ha-perso-la-sua-rilevanza\/","title":{"rendered":"Riunione dei ministri degli Esteri dell\u2019UE a Bruxelles: l\u2019accordo UE-Turchia ha perso la sua rilevanza"},"content":{"rendered":"<p><strong>Bruxelles, 4 marzo (MTI) 1 L&#8217;accordo sui migranti tra l&#8217;Unione europea e la Turchia ha perso la sua rilevanza sin dalla recente chiusura della rotta balcanica, ha detto il ministro degli Esteri P\u00e9ter Szijj\u00e1rt\u00f3 prima di una riunione delle controparti dell&#8217;UE a Bruxelles luned\u00ec.<\/strong><\/p>\n<p>Ha detto che una nuova situazione \u00e8 emersa una volta che i paesi dei Balcani occidentali hanno deciso di proteggere i propri confini e contrastare gli attraversamenti illegali del cosiddetto confine verde.<\/p>\n<p>Il governo ungherese ritiene che le soluzioni dovrebbero essere adattate a questa nuova situazione, ha detto. Invece del presunto accordo con Ankara dovrebbe esserci un piano formato da tre elementi legati a un ripensamento di come vengono spesi i 3 miliardi di euro che l&#8217;Europa ha promesso di consegnare alla Turchia, ha detto il ministro.<\/p>\n<p>In primo luogo, si tratta di sostenere i paesi dei Balcani occidentali nel sostenere i loro sforzi per proteggere i loro confini. In secondo luogo, la Grecia dovrebbe ricevere sostegno in modo da poter sostenere le normative europee comuni e creare e mantenere hotspot. Infine, va riconosciuto che \u201cnon \u00e8 nostra responsabilit\u00e0 garantire una qualit\u00e0 di vita europea ai migranti\u201d che partono verso il continente. \u201cDovremmo invece aiutarli a ripristinare la loro vita precedente il pi\u00f9 rapidamente possibile.\u201d Per questo motivo, si dovrebbe offrire sostegno alla Turchia, alla Giordania, al Libano e alla regione curda dell\u2019Iraq affinch\u00e9 possano prendersi cura dei rifugiati l\u00ec, ha detto Szijj\u00e1rt\u00f3.<\/p>\n<p><img loading=\"lazy\" decoding=\"async\" class=\"size-full wp-image-35948 aligncenter\" src=\"https:\/\/dailynewshungary.com\/wp-content\/uploads\/2016\/03\/poland-hungary.jpg\" alt=\"polonia-ungheria\" width=\"600\" height=\"400\" srcset=\"https:\/\/contentf5.dailynewshungary.com\/wp-content\/uploads\/2016\/03\/poland-hungary.jpg 600w, https:\/\/contentf5.dailynewshungary.com\/wp-content\/uploads\/2016\/03\/poland-hungary-300x200.jpg 300w\" sizes=\"auto, (max-width: 600px) 100vw, 600px\"><\/p>\n<p>L&#8217;Ungheria continua a considerare inaccettabile il piano di trasferimento dei rifugiati in Europa e i relativi piani di distribuzione tra gli Stati membri, ha affermato.<\/p>\n<p>L&#8217;Alto rappresentante dell&#8217;UE per la politica estera e di sicurezza ha diffuso una lettera prima della riunione del Consiglio sottolineando tra l&#8217;altro che la situazione in Iraq e Libia \u00e8 tale che la pressione dei migranti sull&#8217;Europa \u00e8 destinata a crescere, ha detto Szijjarto.<\/p>\n<p><em>Foto: MTI<\/em><\/p>\n","protected":false},"excerpt":{"rendered":"<p>Bruxelles, 4 marzo (MTI) 1 L&#8217;accordo sui migranti tra l&#8217;Unione europea e la Turchia ha perso la sua rilevanza sin dalla recente chiusura della rotta balcanica, ha detto il ministro degli Esteri P\u00e9ter Szijj\u00e1rt\u00f3 prima di una riunione delle controparti dell&#8217;UE a Bruxelles luned\u00ec. Ha detto che una nuova situazione \u00e8 emersa una volta che [&hellip;]<\/p>\n","protected":false},"author":2,"featured_media":724810,"comment_status":"open","ping_status":"open","sticky":false,"template":"","format":"standard","meta":{"_display_image":"","footnotes":""},"categories":[1185],"tags":[1092,1075],"class_list":["post-724809","post","type-post","status-publish","format-standard","has-post-thumbnail","hentry","category-politica-in-ungheria","tag-ministero-degli-affari-esteri-dellungheria","tag-unione-europea"],"blocksy_meta":[],"author_username":"alk","telegram_post":"","public_post_metadata":{"breaking_news":"","important":"","csempe":"","center_tile":"","disable_thumbnail":"","target_lang":"","_featured_image_style":"","telegram_post":"","_xlat_group_id":""},"public_rank_math_data":{"title":"%titolo% %sep% %nomesito%","description":"","focus_keyword":"","canonical_url":"","robots":"","primary_category":"1185","breadcrumb_title":"","facebook_title":"","facebook_description":"","facebook_image":"","facebook_image_id":"","twitter_title":"","twitter_description":"","twitter_image":"","twitter_image_id":"","twitter_card_type":"","twitter_use_facebook":"","advanced_robots":"","pillar_content":"","seo_score":"","contentai_score":"","rich_snippet":""},"_links":{"self":[{"href":"https:\/\/dailynewshungary.com\/it\/wp-json\/wp\/v2\/posts\/724809","targetHints":{"allow":["GET"]}}],"collection":[{"href":"https:\/\/dailynewshungary.com\/it\/wp-json\/wp\/v2\/posts"}],"about":[{"href":"https:\/\/dailynewshungary.com\/it\/wp-json\/wp\/v2\/types\/post"}],"author":[{"embeddable":true,"href":"https:\/\/dailynewshungary.com\/it\/wp-json\/wp\/v2\/users\/2"}],"replies":[{"embeddable":true,"href":"https:\/\/dailynewshungary.com\/it\/wp-json\/wp\/v2\/comments?post=724809"}],"version-history":[{"count":0,"href":"https:\/\/dailynewshungary.com\/it\/wp-json\/wp\/v2\/posts\/724809\/revisions"}],"wp:featuredmedia":[{"embeddable":true,"href":"https:\/\/dailynewshungary.com\/it\/wp-json\/wp\/v2\/media\/724810"}],"wp:attachment":[{"href":"https:\/\/dailynewshungary.com\/it\/wp-json\/wp\/v2\/media?parent=724809"}],"wp:term":[{"taxonomy":"category","embeddable":true,"href":"https:\/\/dailynewshungary.com\/it\/wp-json\/wp\/v2\/categories?post=724809"},{"taxonomy":"post_tag","embeddable":true,"href":"https:\/\/dailynewshungary.com\/it\/wp-json\/wp\/v2\/tags?post=724809"}],"curies":[{"name":"wp","href":"https:\/\/api.w.org\/{rel}","templated":true}]}}