{"id":725137,"date":"2016-03-01T13:30:47","date_gmt":"2016-03-01T12:30:47","guid":{"rendered":"https:\/\/dailynewshungary.com\/it\/struttura-temporanea-di-accoglienza-per-migranti-in-costruzione-a-w-ungheria\/"},"modified":"2016-03-01T13:30:47","modified_gmt":"2016-03-01T12:30:47","slug":"struttura-temporanea-di-accoglienza-per-migranti-in-costruzione-a-w-ungheria","status":"publish","type":"post","link":"https:\/\/dailynewshungary.com\/it\/struttura-temporanea-di-accoglienza-per-migranti-in-costruzione-a-w-ungheria\/","title":{"rendered":"Struttura temporanea di accoglienza per migranti in costruzione a W Ungheria"},"content":{"rendered":"<p><strong>Budapest, 1 marzo (MTI) 1 La costruzione di una struttura temporanea di accoglienza per migranti \u00e8 iniziata marted\u00ec a K\u00f6rmend, nell&#8217;Ungheria occidentale, ha detto il portavoce dell&#8217;autorit\u00e0 nazionale per la gestione delle catastrofi.<\/strong><\/p>\n<p>Il campo temporaneo, che sar\u00e0 allestito nell&#8217;area della scuola professionale della polizia locale, sar\u00e0 composto da 56 tende riscaldate con una capacit\u00e0 di cinque persone ciascuna, ha detto M\u00e1rton Hajd\u00fa.<\/p>\n<p>Il sindaco locale Istv\u00e1n Bebes, dei democratici cristiani di Fidesz al potere, ha detto luned\u00ec all&#8217;MTI che l&#8217;ufficio immigrazione lo aveva informato della struttura prevista in una riunione straordinaria.<\/p>\n<p>\u00c8 prevista la creazione di un&#8217;altra struttura temporanea per 300 migranti a Szentgotthard, vicino al confine austriaco. Il sindaco della citt\u00e0 G\u00e1bor Husz\u00e1r ha dichiarato luned\u00ec che non \u00e8 ancora disponibile una data per l&#8217;allestimento del campo.<\/p>\n<p>Luned\u00ec Bebes ha anche detto che il campo sar\u00e0 costruito come misura preparatoria, considerando che l&#8217;Austria ha recentemente deciso di allestire tali strutture.<\/p>\n","protected":false},"excerpt":{"rendered":"<p>Budapest, 1 marzo (MTI) 1 La costruzione di una struttura temporanea di accoglienza per migranti \u00e8 iniziata marted\u00ec a K\u00f6rmend, nell&#8217;Ungheria occidentale, ha detto il portavoce dell&#8217;autorit\u00e0 nazionale per la gestione delle catastrofi. Il campo temporaneo, che sar\u00e0 allestito nell&#8217;area della scuola professionale della polizia locale, sar\u00e0 composto da 56 tende riscaldate con una capacit\u00e0 [&hellip;]<\/p>\n","protected":false},"author":2,"featured_media":725138,"comment_status":"open","ping_status":"open","sticky":false,"template":"","format":"standard","meta":{"_display_image":"","footnotes":""},"categories":[1185],"tags":[1078,1291],"class_list":["post-725137","post","type-post","status-publish","format-standard","has-post-thumbnail","hentry","category-politica-in-ungheria","tag-fidesz","tag-migrazione"],"blocksy_meta":[],"author_username":"alk","telegram_post":"","public_post_metadata":{"breaking_news":"","important":"","csempe":"","center_tile":"","disable_thumbnail":"","target_lang":"","_featured_image_style":"","telegram_post":"","_xlat_group_id":""},"public_rank_math_data":{"title":"%titolo% %sep% %nomesito%","description":"","focus_keyword":"","canonical_url":"","robots":"","primary_category":"1185","breadcrumb_title":"","facebook_title":"","facebook_description":"","facebook_image":"","facebook_image_id":"","twitter_title":"","twitter_description":"","twitter_image":"","twitter_image_id":"","twitter_card_type":"","twitter_use_facebook":"","advanced_robots":"","pillar_content":"","seo_score":"","contentai_score":"","rich_snippet":""},"_links":{"self":[{"href":"https:\/\/dailynewshungary.com\/it\/wp-json\/wp\/v2\/posts\/725137","targetHints":{"allow":["GET"]}}],"collection":[{"href":"https:\/\/dailynewshungary.com\/it\/wp-json\/wp\/v2\/posts"}],"about":[{"href":"https:\/\/dailynewshungary.com\/it\/wp-json\/wp\/v2\/types\/post"}],"author":[{"embeddable":true,"href":"https:\/\/dailynewshungary.com\/it\/wp-json\/wp\/v2\/users\/2"}],"replies":[{"embeddable":true,"href":"https:\/\/dailynewshungary.com\/it\/wp-json\/wp\/v2\/comments?post=725137"}],"version-history":[{"count":0,"href":"https:\/\/dailynewshungary.com\/it\/wp-json\/wp\/v2\/posts\/725137\/revisions"}],"wp:featuredmedia":[{"embeddable":true,"href":"https:\/\/dailynewshungary.com\/it\/wp-json\/wp\/v2\/media\/725138"}],"wp:attachment":[{"href":"https:\/\/dailynewshungary.com\/it\/wp-json\/wp\/v2\/media?parent=725137"}],"wp:term":[{"taxonomy":"category","embeddable":true,"href":"https:\/\/dailynewshungary.com\/it\/wp-json\/wp\/v2\/categories?post=725137"},{"taxonomy":"post_tag","embeddable":true,"href":"https:\/\/dailynewshungary.com\/it\/wp-json\/wp\/v2\/tags?post=725137"}],"curies":[{"name":"wp","href":"https:\/\/api.w.org\/{rel}","templated":true}]}}