{"id":725414,"date":"2016-02-20T13:30:24","date_gmt":"2016-02-20T12:30:24","guid":{"rendered":"https:\/\/dailynewshungary.com\/it\/lue-sigilla-i-suoi-confini-agli-immigrati-clandestini-il-1-marzo\/"},"modified":"2016-02-20T13:30:24","modified_gmt":"2016-02-20T12:30:24","slug":"lue-sigilla-i-suoi-confini-agli-immigrati-clandestini-il-1-marzo","status":"publish","type":"post","link":"https:\/\/dailynewshungary.com\/it\/lue-sigilla-i-suoi-confini-agli-immigrati-clandestini-il-1-marzo\/","title":{"rendered":"L\u2019UE sigilla i suoi confini agli immigrati clandestini il 1\u00b0 marzo?"},"content":{"rendered":"<p><strong>L&#8217;Unione Europea potrebbe chiudere i suoi confini agli immigrati clandestini il 1\u00b0 marzo, ha riferito l&#8217;agenzia di stampa serba Danas citando fonti dell&#8217;UE.<\/strong><\/p>\n<p>Al confine sloveno-croato e serbo-macedone sono in corso esercitazioni di simulazione della chiusura, che presto verranno messe in pratica, ha riferito l&#8217;agenzia di stampa serba.<\/p>\n<p>Secondo il rapporto, tutti i migranti saranno indagati e interrogati per scoprire se hanno parenti in Europa, o se sono venuti da regioni di zone di guerra.<\/p>\n<p>La deportazione dei migranti dall&#8217;UE \u00e8 gi\u00e0 iniziata su piccola scala La Slovenia ha rimandato 217 immigrati in Croazia, e la Croazia li ha trasmessi alla Serbia.<\/p>\n<p>Secondo le informazioni ottenute dalla TV serba N1, i migranti deportati in Serbia protestano contro le misure; vogliono tornare in Croazia a piedi. La dichiarazione del ministero degli Interni serbo indica che questi migranti non provengono da regioni della zona di guerra, ecco perch\u00e9 sono stati deportati.<\/p>\n<p>Il direttore del Centro per l&#8217;asilo serbo Rados Djurovic ha ricordato che molti migranti sono stati deportati perch\u00e9 hanno ingannato le autorit\u00e0 del loro paese di origine Il direttore ha detto che la Serbia pu\u00f2 accogliere gli immigrati clandestini fino a quando non possono continuare il loro viaggio verso l&#8217;Europa occidentale; ma il loro reinsediamento in Serbia \u00e8 fuori discussione perch\u00e9 il paese non ha il sistema sanitario e sociale, cos\u00ec come le opportunit\u00e0 abitative necessarie per integrare un gran numero di migranti.<\/p>\n<p>Djurovic ha sottolineato che la Serbia pu\u00f2 accogliere fino a seimila migranti e deporter\u00e0 quelli che i paesi dell&#8217;Europa occidentale rimandano in Serbia.<\/p>\n<p>Nell\u2019ambito dei preparativi in corso, l\u2019Ungheria ha chiuso tre passaggi ferroviari con la Croazia per 30 giorni.<\/p>\n<p><em>Foto: MTI<\/em><\/p>\n","protected":false},"excerpt":{"rendered":"<p>L&#8217;Unione Europea potrebbe chiudere i suoi confini agli immigrati clandestini il 1\u00b0 marzo, ha riferito l&#8217;agenzia di stampa serba Danas citando fonti dell&#8217;UE. Al confine sloveno-croato e serbo-macedone sono in corso esercitazioni di simulazione della chiusura, che presto verranno messe in pratica, ha riferito l&#8217;agenzia di stampa serba. Secondo il rapporto, tutti i migranti saranno [&hellip;]<\/p>\n","protected":false},"author":2,"featured_media":725415,"comment_status":"open","ping_status":"open","sticky":false,"template":"","format":"standard","meta":{"_display_image":"","footnotes":""},"categories":[1185],"tags":[1291,1317,1075],"class_list":["post-725414","post","type-post","status-publish","format-standard","has-post-thumbnail","hentry","category-politica-in-ungheria","tag-migrazione","tag-serbia","tag-unione-europea"],"blocksy_meta":[],"author_username":"alk","telegram_post":"","public_post_metadata":{"breaking_news":"","important":"","csempe":"","center_tile":"","disable_thumbnail":"","target_lang":"","_featured_image_style":"","telegram_post":"","_xlat_group_id":""},"public_rank_math_data":{"title":"%titolo% %sep% %nomesito%","description":"","focus_keyword":"","canonical_url":"","robots":"","primary_category":"1185","breadcrumb_title":"","facebook_title":"","facebook_description":"","facebook_image":"","facebook_image_id":"","twitter_title":"","twitter_description":"","twitter_image":"","twitter_image_id":"","twitter_card_type":"","twitter_use_facebook":"","advanced_robots":"","pillar_content":"","seo_score":"","contentai_score":"","rich_snippet":""},"_links":{"self":[{"href":"https:\/\/dailynewshungary.com\/it\/wp-json\/wp\/v2\/posts\/725414","targetHints":{"allow":["GET"]}}],"collection":[{"href":"https:\/\/dailynewshungary.com\/it\/wp-json\/wp\/v2\/posts"}],"about":[{"href":"https:\/\/dailynewshungary.com\/it\/wp-json\/wp\/v2\/types\/post"}],"author":[{"embeddable":true,"href":"https:\/\/dailynewshungary.com\/it\/wp-json\/wp\/v2\/users\/2"}],"replies":[{"embeddable":true,"href":"https:\/\/dailynewshungary.com\/it\/wp-json\/wp\/v2\/comments?post=725414"}],"version-history":[{"count":0,"href":"https:\/\/dailynewshungary.com\/it\/wp-json\/wp\/v2\/posts\/725414\/revisions"}],"wp:featuredmedia":[{"embeddable":true,"href":"https:\/\/dailynewshungary.com\/it\/wp-json\/wp\/v2\/media\/725415"}],"wp:attachment":[{"href":"https:\/\/dailynewshungary.com\/it\/wp-json\/wp\/v2\/media?parent=725414"}],"wp:term":[{"taxonomy":"category","embeddable":true,"href":"https:\/\/dailynewshungary.com\/it\/wp-json\/wp\/v2\/categories?post=725414"},{"taxonomy":"post_tag","embeddable":true,"href":"https:\/\/dailynewshungary.com\/it\/wp-json\/wp\/v2\/tags?post=725414"}],"curies":[{"name":"wp","href":"https:\/\/api.w.org\/{rel}","templated":true}]}}