{"id":725436,"date":"2016-02-19T19:33:52","date_gmt":"2016-02-19T18:33:52","guid":{"rendered":"https:\/\/dailynewshungary.com\/it\/inaugurata-la-mostra-di-arte-e-cultura-ungherese-negli-emirati-arabi-uniti\/"},"modified":"2016-02-19T19:33:52","modified_gmt":"2016-02-19T18:33:52","slug":"inaugurata-la-mostra-di-arte-e-cultura-ungherese-negli-emirati-arabi-uniti","status":"publish","type":"post","link":"https:\/\/dailynewshungary.com\/it\/inaugurata-la-mostra-di-arte-e-cultura-ungherese-negli-emirati-arabi-uniti\/","title":{"rendered":"Inaugurata la mostra di arte e cultura ungherese negli Emirati Arabi Uniti"},"content":{"rendered":"<p><strong>Una celebrazione di tre settimane delle arti e della cultura ungherese si \u00e8 aperta ad Al Bateen ad Abu Dhabi, riferisce The National.<\/strong><\/p>\n<p>La Galleria d&#8217;Arte Moderna Etihad ospita la mostra congiunta dell&#8217;Universit\u00e0 d&#8217;Arte e Design Moholy-Nagy, dell&#8217;Universit\u00e0 ungherese di Belle Arti e del Dipartimento d&#8217;Arte dell&#8217;Universit\u00e0 di P\u00e9cs.<\/p>\n<p>Secondo thenational.ae, presenta camicie e cuscini ricamati della Bucovina della Transilvania e un tradizionale motivo a cucitura incrociata utilizzato nel ricamo popolare ungherese trasformato in spartiti di carta per la musica.<\/p>\n<p>Il fondatore e presidente della galleria Khalid Al Asmani ha dichiarato:<\/p>\n<blockquote>\n<p>\u201cAbu Dhabi \u00e8 sempre stato il collegamento tra l&#8217;ovest e l&#8217;est nel commercio e nella cultura.\u201d<\/p>\n<\/blockquote>\n<p>\u201c\u00c8 una grande opportunit\u00e0 e una scoperta Gli ungheresi sono una nazione orgogliosa e innovativa e abbiamo trovato molte somiglianze tra la loro cultura e la cultura araba\u201d<\/p>\n<p>Durante le tre settimane di esposizione, gli eventi in programma per avere luogo includono una mostra di grandi invenzioni ungheresi, degustazione gratuita di cucina tradizionale, arti, artigianato e serate musicali dalle 19:00 alle 22:00, thenational.ae ha detto.<\/p>\n","protected":false},"excerpt":{"rendered":"<p>Una celebrazione di tre settimane delle arti e della cultura ungherese si \u00e8 aperta ad Al Bateen ad Abu Dhabi, riferisce The National. La Galleria d&#8217;Arte Moderna Etihad ospita la mostra congiunta dell&#8217;Universit\u00e0 d&#8217;Arte e Design Moholy-Nagy, dell&#8217;Universit\u00e0 ungherese di Belle Arti e del Dipartimento d&#8217;Arte dell&#8217;Universit\u00e0 di P\u00e9cs. Secondo thenational.ae, presenta camicie e cuscini [&hellip;]<\/p>\n","protected":false},"author":2,"featured_media":725437,"comment_status":"open","ping_status":"open","sticky":false,"template":"","format":"standard","meta":{"_display_image":"","footnotes":""},"categories":[1304],"tags":[1256,1835,1998,1350],"class_list":["post-725436","post","type-post","status-publish","format-standard","has-post-thumbnail","hentry","category-cultura-in-ungheria","tag-arte","tag-educazione","tag-esposizione","tag-medio-oriente"],"blocksy_meta":[],"author_username":"alk","telegram_post":"","public_post_metadata":{"breaking_news":"","important":"","csempe":"","center_tile":"","disable_thumbnail":"","target_lang":"","_featured_image_style":"","telegram_post":"","_xlat_group_id":""},"public_rank_math_data":{"title":"%titolo% %sep% %nomesito%","description":"","focus_keyword":"","canonical_url":"","robots":"","primary_category":"1304","breadcrumb_title":"","facebook_title":"","facebook_description":"","facebook_image":"","facebook_image_id":"","twitter_title":"","twitter_description":"","twitter_image":"","twitter_image_id":"","twitter_card_type":"","twitter_use_facebook":"","advanced_robots":"","pillar_content":"","seo_score":"","contentai_score":"","rich_snippet":""},"_links":{"self":[{"href":"https:\/\/dailynewshungary.com\/it\/wp-json\/wp\/v2\/posts\/725436","targetHints":{"allow":["GET"]}}],"collection":[{"href":"https:\/\/dailynewshungary.com\/it\/wp-json\/wp\/v2\/posts"}],"about":[{"href":"https:\/\/dailynewshungary.com\/it\/wp-json\/wp\/v2\/types\/post"}],"author":[{"embeddable":true,"href":"https:\/\/dailynewshungary.com\/it\/wp-json\/wp\/v2\/users\/2"}],"replies":[{"embeddable":true,"href":"https:\/\/dailynewshungary.com\/it\/wp-json\/wp\/v2\/comments?post=725436"}],"version-history":[{"count":0,"href":"https:\/\/dailynewshungary.com\/it\/wp-json\/wp\/v2\/posts\/725436\/revisions"}],"wp:featuredmedia":[{"embeddable":true,"href":"https:\/\/dailynewshungary.com\/it\/wp-json\/wp\/v2\/media\/725437"}],"wp:attachment":[{"href":"https:\/\/dailynewshungary.com\/it\/wp-json\/wp\/v2\/media?parent=725436"}],"wp:term":[{"taxonomy":"category","embeddable":true,"href":"https:\/\/dailynewshungary.com\/it\/wp-json\/wp\/v2\/categories?post=725436"},{"taxonomy":"post_tag","embeddable":true,"href":"https:\/\/dailynewshungary.com\/it\/wp-json\/wp\/v2\/tags?post=725436"}],"curies":[{"name":"wp","href":"https:\/\/api.w.org\/{rel}","templated":true}]}}