{"id":725470,"date":"2016-02-18T17:30:45","date_gmt":"2016-02-18T16:30:45","guid":{"rendered":"https:\/\/dailynewshungary.com\/it\/il-ministro-degli-esteri-ungherese-lungheria-respinge-la-condanna-greca\/"},"modified":"2016-02-18T17:30:45","modified_gmt":"2016-02-18T16:30:45","slug":"il-ministro-degli-esteri-ungherese-lungheria-respinge-la-condanna-greca","status":"publish","type":"post","link":"https:\/\/dailynewshungary.com\/it\/il-ministro-degli-esteri-ungherese-lungheria-respinge-la-condanna-greca\/","title":{"rendered":"Il ministro degli Esteri ungherese: l\u2019Ungheria respinge la condanna greca"},"content":{"rendered":"<p><strong>Praga, 18 febbraio (MTI) L&#8217;Ungheria respinge la posizione della Grecia secondo cui i paesi che non hanno fornito alcun aiuto per risolvere la crisi migratoria sulle coste greche non dovrebbero criticare Atene, ha detto gioved\u00ec a Praga il ministro degli Esteri Peter Szijj\u00e1rt\u00f3.<\/strong><\/p>\n<p>Yannis Mouzalas, ministro greco per la migrazione, ha dichiarato oggi alla stampa che Atene non pu\u00f2 accettare le critiche dei paesi europei che non aiutano a gestire la crisi migratoria.<\/p>\n<p>Szijj\u00e1rt\u00f3 ha dichiarato in una conferenza stampa durante una riunione di Visegrad Quattro ministri degli Esteri che la Grecia stessa ha causato le attuali difficolt\u00e0. \u201cSe avessero accettato le proposte sul tavolo da mesi, allora ci sarebbe gi\u00e0 una forza europea congiunta che protegge i confini meridionali della Grecia e l&#8217;UE non sarebbe vulnerabile come lo \u00e8 adesso, ha detto\u201d. \u201cInvece di essere ipocriti i greci dovrebbero andare avanti e fare qualcosa,\u201d ha aggiunto il ministro.<\/p>\n<p><em>Foto: MTI<\/em><\/p>\n","protected":false},"excerpt":{"rendered":"<p>Praga, 18 febbraio (MTI) L&#8217;Ungheria respinge la posizione della Grecia secondo cui i paesi che non hanno fornito alcun aiuto per risolvere la crisi migratoria sulle coste greche non dovrebbero criticare Atene, ha detto gioved\u00ec a Praga il ministro degli Esteri Peter Szijj\u00e1rt\u00f3. Yannis Mouzalas, ministro greco per la migrazione, ha dichiarato oggi alla stampa [&hellip;]<\/p>\n","protected":false},"author":2,"featured_media":725471,"comment_status":"open","ping_status":"open","sticky":false,"template":"","format":"standard","meta":{"_display_image":"","footnotes":""},"categories":[1185],"tags":[1092,1075],"class_list":["post-725470","post","type-post","status-publish","format-standard","has-post-thumbnail","hentry","category-politica-in-ungheria","tag-ministero-degli-affari-esteri-dellungheria","tag-unione-europea"],"blocksy_meta":[],"author_username":"alk","telegram_post":"","public_post_metadata":{"breaking_news":"","important":"","csempe":"","center_tile":"","disable_thumbnail":"","target_lang":"","_featured_image_style":"","telegram_post":"","_xlat_group_id":""},"public_rank_math_data":{"title":"%titolo% %sep% %nomesito%","description":"","focus_keyword":"","canonical_url":"","robots":"","primary_category":"1185","breadcrumb_title":"","facebook_title":"","facebook_description":"","facebook_image":"","facebook_image_id":"","twitter_title":"","twitter_description":"","twitter_image":"","twitter_image_id":"","twitter_card_type":"","twitter_use_facebook":"","advanced_robots":"","pillar_content":"","seo_score":"","contentai_score":"","rich_snippet":""},"_links":{"self":[{"href":"https:\/\/dailynewshungary.com\/it\/wp-json\/wp\/v2\/posts\/725470","targetHints":{"allow":["GET"]}}],"collection":[{"href":"https:\/\/dailynewshungary.com\/it\/wp-json\/wp\/v2\/posts"}],"about":[{"href":"https:\/\/dailynewshungary.com\/it\/wp-json\/wp\/v2\/types\/post"}],"author":[{"embeddable":true,"href":"https:\/\/dailynewshungary.com\/it\/wp-json\/wp\/v2\/users\/2"}],"replies":[{"embeddable":true,"href":"https:\/\/dailynewshungary.com\/it\/wp-json\/wp\/v2\/comments?post=725470"}],"version-history":[{"count":0,"href":"https:\/\/dailynewshungary.com\/it\/wp-json\/wp\/v2\/posts\/725470\/revisions"}],"wp:featuredmedia":[{"embeddable":true,"href":"https:\/\/dailynewshungary.com\/it\/wp-json\/wp\/v2\/media\/725471"}],"wp:attachment":[{"href":"https:\/\/dailynewshungary.com\/it\/wp-json\/wp\/v2\/media?parent=725470"}],"wp:term":[{"taxonomy":"category","embeddable":true,"href":"https:\/\/dailynewshungary.com\/it\/wp-json\/wp\/v2\/categories?post=725470"},{"taxonomy":"post_tag","embeddable":true,"href":"https:\/\/dailynewshungary.com\/it\/wp-json\/wp\/v2\/tags?post=725470"}],"curies":[{"name":"wp","href":"https:\/\/api.w.org\/{rel}","templated":true}]}}