{"id":725518,"date":"2016-02-17T06:30:36","date_gmt":"2016-02-17T05:30:36","guid":{"rendered":"https:\/\/dailynewshungary.com\/it\/la-strategia-europea-dovrebbe-mirare-a-rallentare-o-fermare-la-migrazione-afferma-il-funzionario\/"},"modified":"2016-02-17T06:30:36","modified_gmt":"2016-02-17T05:30:36","slug":"la-strategia-europea-dovrebbe-mirare-a-rallentare-o-fermare-la-migrazione-afferma-il-funzionario","status":"publish","type":"post","link":"https:\/\/dailynewshungary.com\/it\/la-strategia-europea-dovrebbe-mirare-a-rallentare-o-fermare-la-migrazione-afferma-il-funzionario\/","title":{"rendered":"La strategia europea dovrebbe mirare a rallentare o fermare la migrazione, afferma il funzionario"},"content":{"rendered":"<p><strong>Bruxelles (Ungheria) vuole che i partecipanti al prossimo vertice dell&#8217;Unione Europea approvino un documento in cui si afferma che le misure del blocco dovrebbero mirare a rallentare o arginare l&#8217;immigrazione, ha detto marted\u00ec a Bruxelles Szabolcs Tak\u00e1cs, segretario di stato dell&#8217;ufficio del primo ministro ungherese.<\/strong><\/p>\n<p>Tak\u00e1cs \u00e8 intervenuto dopo una riunione dei ministri degli Affari europei, in vista di un vertice previsto per gioved\u00ec e venerd\u00ec.<\/p>\n<p>La dichiarazione adottata dal gruppo di Visegrad a Praga luned\u00ec serve all&#8217;obiettivo economicamente e socialmente importante di preservare l&#8217;accordo di Schengen, tenendo conto del particolare punto di vista dell&#8217;Europa centrale, ha detto Frans Timmermans, vicepresidente della Commissione europea, ha elogiato la dichiarazione V4 sulla migrazione a questo riguardo, affermando che cerca di contribuire in modo significativo alla ricerca comune europea di una soluzione, ha detto Tak\u00e1cs.<\/p>\n<p>Riguardo agli sforzi dei quattro paesi di Visegrad per contribuire a una soluzione europea al problema migratorio, Tak\u00e1cs ha affermato che il V4 ritiene fondamentale che emerga una soluzione sostenibile per proteggere le frontiere esterne dell&#8217;UE. Il rafforzamento del confine tra Grecia e Macedonia \u00e8 di fondamentale importanza e non dovrebbe essere visto come un&#8217;azione contro la Grecia ma come una promozione degli interessi comuni dell&#8217;Europa, ha affermato. Anche alla Grecia dovrebbe essere dato tutto l&#8217;aiuto possibile per far rispettare le regole di Schengen, ha affermato Takacs.<\/p>\n<p>L&#8217;obiettivo \u00e8 che l&#8217;UE sia protetta lungo i confini meridionali della Grecia, \u201cma se ci\u00f2 non funziona, l&#8217;Europa non pu\u00f2 essere lasciata senza protezione contro la migrazione, ha affermato il segretario di Stato.<\/p>\n<p>La proposta dell&#8217;Ungheria secondo cui ai richiedenti asilo non dovrebbe essere consentito di lasciare i punti caldi prima che le autorit\u00e0 approvino una decisione sul loro caso ha ricevuto un forte sostegno, ha detto Tak\u00e1cs.<\/p>\n<p>Su un altro argomento, ha affermato che l&#8217;Ungheria accoglie con favore una proposta britannica volta ad ampliare le competenze nazionali. Il rafforzamento dei parlamenti nazionali consentirebbe all\u2019Europa di rispondere meglio alle sfide sia esterne che interne, ha sostenuto Tak\u00e1cs.<\/p>\n<p><em>Foto: MTI<\/em><\/p>\n","protected":false},"excerpt":{"rendered":"<p>Bruxelles (Ungheria) vuole che i partecipanti al prossimo vertice dell&#8217;Unione Europea approvino un documento in cui si afferma che le misure del blocco dovrebbero mirare a rallentare o arginare l&#8217;immigrazione, ha detto marted\u00ec a Bruxelles Szabolcs Tak\u00e1cs, segretario di stato dell&#8217;ufficio del primo ministro ungherese. Tak\u00e1cs \u00e8 intervenuto dopo una riunione dei ministri degli Affari [&hellip;]<\/p>\n","protected":false},"author":2,"featured_media":725519,"comment_status":"open","ping_status":"open","sticky":false,"template":"","format":"standard","meta":{"_display_image":"","footnotes":""},"categories":[1185],"tags":[1291,1075],"class_list":["post-725518","post","type-post","status-publish","format-standard","has-post-thumbnail","hentry","category-politica-in-ungheria","tag-migrazione","tag-unione-europea"],"blocksy_meta":[],"author_username":"alk","telegram_post":"","public_post_metadata":{"breaking_news":"","important":"","csempe":"","center_tile":"","disable_thumbnail":"","target_lang":"","_featured_image_style":"","telegram_post":"","_xlat_group_id":""},"public_rank_math_data":{"title":"%titolo% %sep% %nomesito%","description":"","focus_keyword":"","canonical_url":"","robots":"","primary_category":"1185","breadcrumb_title":"","facebook_title":"","facebook_description":"","facebook_image":"","facebook_image_id":"","twitter_title":"","twitter_description":"","twitter_image":"","twitter_image_id":"","twitter_card_type":"","twitter_use_facebook":"","advanced_robots":"","pillar_content":"","seo_score":"","contentai_score":"","rich_snippet":""},"_links":{"self":[{"href":"https:\/\/dailynewshungary.com\/it\/wp-json\/wp\/v2\/posts\/725518","targetHints":{"allow":["GET"]}}],"collection":[{"href":"https:\/\/dailynewshungary.com\/it\/wp-json\/wp\/v2\/posts"}],"about":[{"href":"https:\/\/dailynewshungary.com\/it\/wp-json\/wp\/v2\/types\/post"}],"author":[{"embeddable":true,"href":"https:\/\/dailynewshungary.com\/it\/wp-json\/wp\/v2\/users\/2"}],"replies":[{"embeddable":true,"href":"https:\/\/dailynewshungary.com\/it\/wp-json\/wp\/v2\/comments?post=725518"}],"version-history":[{"count":0,"href":"https:\/\/dailynewshungary.com\/it\/wp-json\/wp\/v2\/posts\/725518\/revisions"}],"wp:featuredmedia":[{"embeddable":true,"href":"https:\/\/dailynewshungary.com\/it\/wp-json\/wp\/v2\/media\/725519"}],"wp:attachment":[{"href":"https:\/\/dailynewshungary.com\/it\/wp-json\/wp\/v2\/media?parent=725518"}],"wp:term":[{"taxonomy":"category","embeddable":true,"href":"https:\/\/dailynewshungary.com\/it\/wp-json\/wp\/v2\/categories?post=725518"},{"taxonomy":"post_tag","embeddable":true,"href":"https:\/\/dailynewshungary.com\/it\/wp-json\/wp\/v2\/tags?post=725518"}],"curies":[{"name":"wp","href":"https:\/\/api.w.org\/{rel}","templated":true}]}}