{"id":725702,"date":"2016-02-11T06:36:12","date_gmt":"2016-02-11T05:36:12","guid":{"rendered":"https:\/\/dailynewshungary.com\/it\/lungheria-sara-ospite-donore-alla-fiera-internazionale-del-libro-di-taipei\/"},"modified":"2016-02-11T06:36:12","modified_gmt":"2016-02-11T05:36:12","slug":"lungheria-sara-ospite-donore-alla-fiera-internazionale-del-libro-di-taipei","status":"publish","type":"post","link":"https:\/\/dailynewshungary.com\/it\/lungheria-sara-ospite-donore-alla-fiera-internazionale-del-libro-di-taipei\/","title":{"rendered":"L\u2019Ungheria sar\u00e0 ospite d\u2019onore alla Fiera Internazionale del Libro di Taipei"},"content":{"rendered":"<p><strong>Budapest (MTI) Ungheria sar\u00e0 l&#8217;ospite d&#8217;onore della Fiera Internazionale del Libro di quest&#8217;anno organizzata a Taipei dal 16 al 21 febbraio, ha detto mercoled\u00ec il segretario di Stato del Ministero degli Esteri.<\/strong><\/p>\n<p>La fiera \u00e8 il secondo evento letterario pi\u00f9 grande in Asia e il quarto evento di questo tipo al mondo che l&#8217;anno scorso ha visto la partecipazione di 700 case editrici provenienti da 70 paesi, ha detto Istvan Ijgyarto in una conferenza stampa.<\/p>\n<p>Ci saranno dieci case editrici ungheresi che presenteranno opere classiche e contemporanee alla fiera, ha detto Judit Hammerstein, direttrice generale dell&#8217;Istituto culturale ungherese Balassi.<\/p>\n<p>Tre scrittori ungheresi, P\u00e9ter G\u00e1rdos, Gy\u00f6rgy Dragom\u00e1n e Zs\u00f3fia Mautner presenteranno le proprie opere ai visitatori, ha detto. Lo stand ungherese presenter\u00e0 anche programmi che promuovono Budapest, il principale punto caldo turistico del Lago Balaton, la gastronomia ungherese, la musica popolare e l&#8217;arte popolare, ha aggiunto.<\/p>\n<p>I programmi includono una conferenza dello storico J\u00e1nos H\u00f3v\u00e1ri sull&#8217;esploratore ungherese del XVIII secolo M\u00f3ric Benyovszky che visit\u00f2 Taiwan nel 1771.<\/p>\n","protected":false},"excerpt":{"rendered":"<p>Budapest (MTI) Ungheria sar\u00e0 l&#8217;ospite d&#8217;onore della Fiera Internazionale del Libro di quest&#8217;anno organizzata a Taipei dal 16 al 21 febbraio, ha detto mercoled\u00ec il segretario di Stato del Ministero degli Esteri. La fiera \u00e8 il secondo evento letterario pi\u00f9 grande in Asia e il quarto evento di questo tipo al mondo che l&#8217;anno scorso [&hellip;]<\/p>\n","protected":false},"author":2,"featured_media":725703,"comment_status":"open","ping_status":"open","sticky":false,"template":"","format":"standard","meta":{"_display_image":"","footnotes":""},"categories":[1304],"tags":[1157],"class_list":["post-725702","post","type-post","status-publish","format-standard","has-post-thumbnail","hentry","category-cultura-in-ungheria","tag-asia"],"blocksy_meta":[],"author_username":"alk","telegram_post":"","public_post_metadata":{"breaking_news":"","important":"","csempe":"","center_tile":"","disable_thumbnail":"","target_lang":"","_featured_image_style":"","telegram_post":"","_xlat_group_id":""},"public_rank_math_data":{"title":"%titolo% %sep% %nomesito%","description":"","focus_keyword":"","canonical_url":"","robots":"","primary_category":"1304","breadcrumb_title":"","facebook_title":"","facebook_description":"","facebook_image":"","facebook_image_id":"","twitter_title":"","twitter_description":"","twitter_image":"","twitter_image_id":"","twitter_card_type":"","twitter_use_facebook":"","advanced_robots":"","pillar_content":"","seo_score":"","contentai_score":"","rich_snippet":""},"_links":{"self":[{"href":"https:\/\/dailynewshungary.com\/it\/wp-json\/wp\/v2\/posts\/725702","targetHints":{"allow":["GET"]}}],"collection":[{"href":"https:\/\/dailynewshungary.com\/it\/wp-json\/wp\/v2\/posts"}],"about":[{"href":"https:\/\/dailynewshungary.com\/it\/wp-json\/wp\/v2\/types\/post"}],"author":[{"embeddable":true,"href":"https:\/\/dailynewshungary.com\/it\/wp-json\/wp\/v2\/users\/2"}],"replies":[{"embeddable":true,"href":"https:\/\/dailynewshungary.com\/it\/wp-json\/wp\/v2\/comments?post=725702"}],"version-history":[{"count":0,"href":"https:\/\/dailynewshungary.com\/it\/wp-json\/wp\/v2\/posts\/725702\/revisions"}],"wp:featuredmedia":[{"embeddable":true,"href":"https:\/\/dailynewshungary.com\/it\/wp-json\/wp\/v2\/media\/725703"}],"wp:attachment":[{"href":"https:\/\/dailynewshungary.com\/it\/wp-json\/wp\/v2\/media?parent=725702"}],"wp:term":[{"taxonomy":"category","embeddable":true,"href":"https:\/\/dailynewshungary.com\/it\/wp-json\/wp\/v2\/categories?post=725702"},{"taxonomy":"post_tag","embeddable":true,"href":"https:\/\/dailynewshungary.com\/it\/wp-json\/wp\/v2\/tags?post=725702"}],"curies":[{"name":"wp","href":"https:\/\/api.w.org\/{rel}","templated":true}]}}