{"id":725724,"date":"2016-02-10T11:00:58","date_gmt":"2016-02-10T10:00:58","guid":{"rendered":"https:\/\/dailynewshungary.com\/it\/il-nuovo-segretario-di-stato-per-listruzione-promette-cambiamenti-al-direttore-delle-scuole-centrali-klik\/"},"modified":"2016-02-10T11:00:58","modified_gmt":"2016-02-10T10:00:58","slug":"il-nuovo-segretario-di-stato-per-listruzione-promette-cambiamenti-al-direttore-delle-scuole-centrali-klik","status":"publish","type":"post","link":"https:\/\/dailynewshungary.com\/it\/il-nuovo-segretario-di-stato-per-listruzione-promette-cambiamenti-al-direttore-delle-scuole-centrali-klik\/","title":{"rendered":"Il nuovo segretario di stato per l\u2019istruzione promette cambiamenti al direttore delle scuole centrali Klik"},"content":{"rendered":"<p><strong>Budapest (MTI) Nel prossimo anno scolastico l&#8217;organizzazione statale centrale per la gestione delle scuole ungheresi (Klik) operer\u00e0 con una struttura diversa, ha detto in una conferenza stampa L\u00e1szl\u00f3 Palkovics, segretario di stato per l&#8217;istruzione che ora \u00e8 anche responsabile delle scuole. marted\u00ec.<\/strong><\/p>\n<p>Ha affermato che l\u2019attuale modo centralizzato in cui Klik opera \u201c non \u00e8 realmente una fortuna\u201d. Aumentando l\u2019opzione del decentramento, ha affermato che le operazioni potrebbero essere allineate a livello regionale o organizzate attorno al numero di scuole in una particolare area.<\/p>\n<p>Anche le lacune di finanziamento devono essere eliminate, ha detto, indicando che dovrebbero essere garantite nuove fonti di finanziamento. Palkovics ha detto che ci saranno anche cambiamenti di personale nell&#8217;organizzazione.<\/p>\n<p>Parlando di una tavola rotonda che il governo ha tenuto con i rappresentanti dei sindacati degli insegnanti, ha detto che saranno elaborate nuove regole che governano le varie sfere di autorit\u00e0 e il sistema per riformare e mantenere Klik determinato dal 1\u00b0 settembre. Inoltre da determinare saranno quali poteri verranno restituiti alla scuola capi, ha aggiunto.<\/p>\n<p>Le modifiche legali necessarie devono essere decise al pi\u00f9 tardi entro aprile, ha detto il segretario di stato.<\/p>\n<p>Altre misure in esame sono il sistema di promozione e di riduzione dell&#8217;onere amministrativo, nonch\u00e9 la razionalizzazione dell&#8217;Ufficio per l&#8217;istruzione, ha affermato Palkovics ha aggiunto che gli oneri a carico degli alunni stessi saranno ridotti e che verranno apportate modifiche al curriculum nazionale.<\/p>\n<p><em>Foto: MTI<\/em><\/p>\n","protected":false},"excerpt":{"rendered":"<p>Budapest (MTI) Nel prossimo anno scolastico l&#8217;organizzazione statale centrale per la gestione delle scuole ungheresi (Klik) operer\u00e0 con una struttura diversa, ha detto in una conferenza stampa L\u00e1szl\u00f3 Palkovics, segretario di stato per l&#8217;istruzione che ora \u00e8 anche responsabile delle scuole. marted\u00ec. Ha affermato che l\u2019attuale modo centralizzato in cui Klik opera \u201c non \u00e8 [&hellip;]<\/p>\n","protected":false},"author":2,"featured_media":725725,"comment_status":"open","ping_status":"open","sticky":false,"template":"","format":"standard","meta":{"_display_image":"","footnotes":""},"categories":[1185],"tags":[1835],"class_list":["post-725724","post","type-post","status-publish","format-standard","has-post-thumbnail","hentry","category-politica-in-ungheria","tag-educazione"],"blocksy_meta":[],"author_username":"alk","telegram_post":"","public_post_metadata":{"breaking_news":"","important":"","csempe":"","center_tile":"","disable_thumbnail":"","target_lang":"","_featured_image_style":"","telegram_post":"","_xlat_group_id":""},"public_rank_math_data":{"title":"%titolo% %sep% %nomesito%","description":"","focus_keyword":"","canonical_url":"","robots":"","primary_category":"1185","breadcrumb_title":"","facebook_title":"","facebook_description":"","facebook_image":"","facebook_image_id":"","twitter_title":"","twitter_description":"","twitter_image":"","twitter_image_id":"","twitter_card_type":"","twitter_use_facebook":"","advanced_robots":"","pillar_content":"","seo_score":"","contentai_score":"","rich_snippet":""},"_links":{"self":[{"href":"https:\/\/dailynewshungary.com\/it\/wp-json\/wp\/v2\/posts\/725724","targetHints":{"allow":["GET"]}}],"collection":[{"href":"https:\/\/dailynewshungary.com\/it\/wp-json\/wp\/v2\/posts"}],"about":[{"href":"https:\/\/dailynewshungary.com\/it\/wp-json\/wp\/v2\/types\/post"}],"author":[{"embeddable":true,"href":"https:\/\/dailynewshungary.com\/it\/wp-json\/wp\/v2\/users\/2"}],"replies":[{"embeddable":true,"href":"https:\/\/dailynewshungary.com\/it\/wp-json\/wp\/v2\/comments?post=725724"}],"version-history":[{"count":0,"href":"https:\/\/dailynewshungary.com\/it\/wp-json\/wp\/v2\/posts\/725724\/revisions"}],"wp:featuredmedia":[{"embeddable":true,"href":"https:\/\/dailynewshungary.com\/it\/wp-json\/wp\/v2\/media\/725725"}],"wp:attachment":[{"href":"https:\/\/dailynewshungary.com\/it\/wp-json\/wp\/v2\/media?parent=725724"}],"wp:term":[{"taxonomy":"category","embeddable":true,"href":"https:\/\/dailynewshungary.com\/it\/wp-json\/wp\/v2\/categories?post=725724"},{"taxonomy":"post_tag","embeddable":true,"href":"https:\/\/dailynewshungary.com\/it\/wp-json\/wp\/v2\/tags?post=725724"}],"curies":[{"name":"wp","href":"https:\/\/api.w.org\/{rel}","templated":true}]}}