{"id":725770,"date":"2016-02-08T21:00:40","date_gmt":"2016-02-08T20:00:40","guid":{"rendered":"https:\/\/dailynewshungary.com\/it\/nuovo-segretario-di-stato-per-listruzione-si-impegna-calm-stabilita-per-gli-insegnanti\/"},"modified":"2016-02-08T21:00:40","modified_gmt":"2016-02-08T20:00:40","slug":"nuovo-segretario-di-stato-per-listruzione-si-impegna-calm-stabilita-per-gli-insegnanti","status":"publish","type":"post","link":"https:\/\/dailynewshungary.com\/it\/nuovo-segretario-di-stato-per-listruzione-si-impegna-calm-stabilita-per-gli-insegnanti\/","title":{"rendered":"Nuovo segretario di Stato per l\u2019istruzione si impegna \u201ccalm, stabilit\u00e0\u201d per gli insegnanti"},"content":{"rendered":"<p><strong>Budapest, 8 febbraio (MTI) 8 Gli insegnanti hanno bisogno di condizioni calme e stabili e prevedibili in modo che si concentrino sul loro lavoro, ha detto luned\u00ec a MTI L\u00e1szl\u00f3 Palkovics, segretario di stato per l&#8217;istruzione.<\/strong><\/p>\n<p>Palkovics ha detto che si aspetta che la tavola rotonda sull&#8217;istruzione pubblica di marted\u00ec sia una conferenza di \u201cconstructive\u201d con le richieste degli insegnanti e le aspettative del governo nella sua agenda.<\/p>\n<p>Palkovics ha accolto con favore la reintegrazione dell&#8217;istruzione pubblica e superiore sotto il suo segretariato di Stato e si \u00e8 impegnato ad aumentare l&#8217;efficienza a breve termine.<\/p>\n<p>Per quanto riguarda il dirigente scolastico nazionale Klik, le cui operazioni hanno suscitato lamentele sia da parte degli insegnanti che dei genitori, il segretario di Stato ha affermato che l&#8217;organizzazione deve essere riconsiderata e ha chiesto decisioni rapide per ripristinare l&#8217;ordine nelle scuole\u201d.<\/p>\n<p>Palkovics ha anche aggiunto che ridurre gli oneri amministrativi per gli insegnanti \u00e8 un\u2019altra questione scottante.<\/p>\n<p>\u201cMi aspetto un lavoro efficiente e calmo che discuta le opzioni piuttosto che i sentimenti, nell&#8217;interesse di cambiare il sistema educativo a beneficio degli studenti, ha aggiunto.<\/p>\n<p>Palkovics, segretaria di Stato per l&#8217;istruzione superiore negli ultimi due anni, \u00e8 stata incaricata sabato dell&#8217;intero sistema educativo, dopo che il ministro delle risorse umane ha rimosso Judit Bertalan Czunyi dal suo incarico di segretaria di Stato per l&#8217;istruzione pubblica.<\/p>\n","protected":false},"excerpt":{"rendered":"<p>Budapest, 8 febbraio (MTI) 8 Gli insegnanti hanno bisogno di condizioni calme e stabili e prevedibili in modo che si concentrino sul loro lavoro, ha detto luned\u00ec a MTI L\u00e1szl\u00f3 Palkovics, segretario di stato per l&#8217;istruzione. Palkovics ha detto che si aspetta che la tavola rotonda sull&#8217;istruzione pubblica di marted\u00ec sia una conferenza di \u201cconstructive\u201d [&hellip;]<\/p>\n","protected":false},"author":2,"featured_media":725771,"comment_status":"open","ping_status":"open","sticky":false,"template":"","format":"standard","meta":{"_display_image":"","footnotes":""},"categories":[1185],"tags":[1835],"class_list":["post-725770","post","type-post","status-publish","format-standard","has-post-thumbnail","hentry","category-politica-in-ungheria","tag-educazione"],"blocksy_meta":[],"author_username":"alk","telegram_post":"","public_post_metadata":{"breaking_news":"","important":"","csempe":"","center_tile":"","disable_thumbnail":"","target_lang":"","_featured_image_style":"","telegram_post":"","_xlat_group_id":""},"public_rank_math_data":{"title":"%titolo% %sep% %nomesito%","description":"","focus_keyword":"","canonical_url":"","robots":"","primary_category":"1185","breadcrumb_title":"","facebook_title":"","facebook_description":"","facebook_image":"","facebook_image_id":"","twitter_title":"","twitter_description":"","twitter_image":"","twitter_image_id":"","twitter_card_type":"","twitter_use_facebook":"","advanced_robots":"","pillar_content":"","seo_score":"","contentai_score":"","rich_snippet":""},"_links":{"self":[{"href":"https:\/\/dailynewshungary.com\/it\/wp-json\/wp\/v2\/posts\/725770","targetHints":{"allow":["GET"]}}],"collection":[{"href":"https:\/\/dailynewshungary.com\/it\/wp-json\/wp\/v2\/posts"}],"about":[{"href":"https:\/\/dailynewshungary.com\/it\/wp-json\/wp\/v2\/types\/post"}],"author":[{"embeddable":true,"href":"https:\/\/dailynewshungary.com\/it\/wp-json\/wp\/v2\/users\/2"}],"replies":[{"embeddable":true,"href":"https:\/\/dailynewshungary.com\/it\/wp-json\/wp\/v2\/comments?post=725770"}],"version-history":[{"count":0,"href":"https:\/\/dailynewshungary.com\/it\/wp-json\/wp\/v2\/posts\/725770\/revisions"}],"wp:featuredmedia":[{"embeddable":true,"href":"https:\/\/dailynewshungary.com\/it\/wp-json\/wp\/v2\/media\/725771"}],"wp:attachment":[{"href":"https:\/\/dailynewshungary.com\/it\/wp-json\/wp\/v2\/media?parent=725770"}],"wp:term":[{"taxonomy":"category","embeddable":true,"href":"https:\/\/dailynewshungary.com\/it\/wp-json\/wp\/v2\/categories?post=725770"},{"taxonomy":"post_tag","embeddable":true,"href":"https:\/\/dailynewshungary.com\/it\/wp-json\/wp\/v2\/tags?post=725770"}],"curies":[{"name":"wp","href":"https:\/\/api.w.org\/{rel}","templated":true}]}}