{"id":726781,"date":"2016-01-05T19:31:16","date_gmt":"2016-01-05T18:31:16","guid":{"rendered":"https:\/\/dailynewshungary.com\/it\/sovranita-nazionale-in-gioco-con-il-sistema-di-quote-migranti-dellue-afferma-il-ministro-degli-interni\/"},"modified":"2016-01-05T19:31:16","modified_gmt":"2016-01-05T18:31:16","slug":"sovranita-nazionale-in-gioco-con-il-sistema-di-quote-migranti-dellue-afferma-il-ministro-degli-interni","status":"publish","type":"post","link":"https:\/\/dailynewshungary.com\/it\/sovranita-nazionale-in-gioco-con-il-sistema-di-quote-migranti-dellue-afferma-il-ministro-degli-interni\/","title":{"rendered":"Sovranit\u00e0 nazionale in gioco con il sistema di quote migranti dell\u2019UE, afferma il ministro degli Interni"},"content":{"rendered":"<p><strong>Budapest, 5 gennaio (MTI) L&#8217;identit\u00e0 nazionale e la sovranit\u00e0 nazionale dell&#8217;Ungheria sono in gioco quando si tratta del sistema obbligatorio di quote di distribuzione dei migranti dell&#8217;UE, ha detto marted\u00ec il ministro degli Interni.<\/strong><\/p>\n<p>\u201cAbbiamo di fronte l&#8217;accusa di non aver mostrato solidariet\u00e0 Ma la nostra solidariet\u00e0 \u00e8 esemplare: abbiamo inviato unit\u00e0 di polizia per aiutare gli sforzi in Slovenia, Macedonia e Serbia e abbiamo espresso solidariet\u00e0 con i paesi che vogliono proteggere i loro confini, ha detto il\u201d Sandor Pinter a Esztergom, nel nord dell&#8217;Ungheria, rivolgendosi a una commemorazione.<\/p>\n<p>L&#8217;Ungheria ha implementato misure per proteggere il paese e il resto d&#8217;Europa rispettando pienamente le leggi dell&#8217;UE, ha detto Pinter, aggiungendo che la maggioranza degli ungheresi interpellati in una consultazione nazionale ha dichiarato di sostenere la politica migratoria del governo.<\/p>\n<p>Pinter stava parlando a una commemorazione tenutasi in citt\u00e0 per San Tommaso Becket, il martire arcivescovo di Canterbury.<\/p>\n<p>I legami tra Esztergom e Canterbury risalgono al XII secolo, quando Thomas Becket e l&#8217;ungherese Lukacs Banfi, che sarebbe diventato arcivescovo di Esztergom, strinsero amicizia durante i loro studi a Parigi.<\/p>\n<p>A causa di una malattia, Laszlo Kover, presidente del parlamento ungherese, non ha potuto partecipare all&#8217;evento ma ha inviato una lettera che \u00e8 stata letta ai partecipanti dal vescovo locale, Laszlo Kiss-Rigo.<\/p>\n<p>\u201cLa chiave del futuro dell&#8217;Europa sta nella demografia e nell&#8217;identit\u00e0: questa \u00e8 la considerazione se, spinti dalla nostra morale cristiana, rispettiamo la nascita e la famiglia come valori sacri, ha affermato nella lettera la\u201d Kover.<\/p>\n<p>Ha detto che la chiave per il futuro dell&#8217;Europa \u00e8 stata \u201cse siamo in grado di preservare l&#8217;identit\u00e0 delle nostre comunit\u00e0, mantenere il nostro ideale di valori europei e nazionali, nonch\u00e9 mantenere la nostra capacit\u00e0 di esercitare pressione sui nostri interessi.\u201d<\/p>\n<p>Kover ha affermato che la crisi dell&#8217;Europa ora ha creato un&#8217;opportunit\u00e0 per un cambiamento, la possibilit\u00e0 per \u201cprogettare una nuova visione per l&#8217;Europa poggiando su solide basi millenarie.\u201d<\/p>\n<p>La commemorazione \u00e8 iniziata con un servizio ecumenico svoltosi in una cappella situata su una collina intitolata a San Tommaso Becket.<\/p>\n<p>Fu il cardinale ungherese Laszlo Lekai ad organizzare la<\/p>\n<p><em>Foto: MTI<\/em><\/p>\n","protected":false},"excerpt":{"rendered":"<p>Budapest, 5 gennaio (MTI) L&#8217;identit\u00e0 nazionale e la sovranit\u00e0 nazionale dell&#8217;Ungheria sono in gioco quando si tratta del sistema obbligatorio di quote di distribuzione dei migranti dell&#8217;UE, ha detto marted\u00ec il ministro degli Interni. \u201cAbbiamo di fronte l&#8217;accusa di non aver mostrato solidariet\u00e0 Ma la nostra solidariet\u00e0 \u00e8 esemplare: abbiamo inviato unit\u00e0 di polizia per [&hellip;]<\/p>\n","protected":false},"author":2,"featured_media":726782,"comment_status":"open","ping_status":"open","sticky":false,"template":"","format":"standard","meta":{"_display_image":"","footnotes":""},"categories":[1185],"tags":[1291],"class_list":["post-726781","post","type-post","status-publish","format-standard","has-post-thumbnail","hentry","category-politica-in-ungheria","tag-migrazione"],"blocksy_meta":[],"author_username":"alk","telegram_post":"","public_post_metadata":{"breaking_news":"","important":"","csempe":"","center_tile":"","disable_thumbnail":"","target_lang":"","_featured_image_style":"","telegram_post":"","_xlat_group_id":""},"public_rank_math_data":{"title":"%titolo% %sep% %nomesito%","description":"","focus_keyword":"","canonical_url":"","robots":"","primary_category":"1185","breadcrumb_title":"","facebook_title":"","facebook_description":"","facebook_image":"","facebook_image_id":"","twitter_title":"","twitter_description":"","twitter_image":"","twitter_image_id":"","twitter_card_type":"","twitter_use_facebook":"","advanced_robots":"","pillar_content":"","seo_score":"","contentai_score":"","rich_snippet":""},"_links":{"self":[{"href":"https:\/\/dailynewshungary.com\/it\/wp-json\/wp\/v2\/posts\/726781","targetHints":{"allow":["GET"]}}],"collection":[{"href":"https:\/\/dailynewshungary.com\/it\/wp-json\/wp\/v2\/posts"}],"about":[{"href":"https:\/\/dailynewshungary.com\/it\/wp-json\/wp\/v2\/types\/post"}],"author":[{"embeddable":true,"href":"https:\/\/dailynewshungary.com\/it\/wp-json\/wp\/v2\/users\/2"}],"replies":[{"embeddable":true,"href":"https:\/\/dailynewshungary.com\/it\/wp-json\/wp\/v2\/comments?post=726781"}],"version-history":[{"count":0,"href":"https:\/\/dailynewshungary.com\/it\/wp-json\/wp\/v2\/posts\/726781\/revisions"}],"wp:featuredmedia":[{"embeddable":true,"href":"https:\/\/dailynewshungary.com\/it\/wp-json\/wp\/v2\/media\/726782"}],"wp:attachment":[{"href":"https:\/\/dailynewshungary.com\/it\/wp-json\/wp\/v2\/media?parent=726781"}],"wp:term":[{"taxonomy":"category","embeddable":true,"href":"https:\/\/dailynewshungary.com\/it\/wp-json\/wp\/v2\/categories?post=726781"},{"taxonomy":"post_tag","embeddable":true,"href":"https:\/\/dailynewshungary.com\/it\/wp-json\/wp\/v2\/tags?post=726781"}],"curies":[{"name":"wp","href":"https:\/\/api.w.org\/{rel}","templated":true}]}}