{"id":727139,"date":"2015-12-20T21:03:39","date_gmt":"2015-12-20T20:03:39","guid":{"rendered":"https:\/\/dailynewshungary.com\/it\/fidesz-per-continuare-la-campagna-di-firme-dei-migranti-online\/"},"modified":"2015-12-20T21:03:39","modified_gmt":"2015-12-20T20:03:39","slug":"fidesz-per-continuare-la-campagna-di-firme-dei-migranti-online","status":"publish","type":"post","link":"https:\/\/dailynewshungary.com\/it\/fidesz-per-continuare-la-campagna-di-firme-dei-migranti-online\/","title":{"rendered":"Fidesz per continuare la campagna di firme dei migranti online"},"content":{"rendered":"<p><strong>Budapest, 2 dicembre (MTI) 2 Dopo aver raccolto firme per la campagna del partito al governo sui migranti, Fidesz passer\u00e0 ora alla raccolta delle firme online per il resto dell&#8217;anno, ha detto domenica il leader del partito.<\/strong><\/p>\n<p>La campagna \u00e8 volta a raccogliere sostegno per la politica del partito contro le quote migranti dell&#8217;Unione Europea.<\/p>\n<p>Lajos Kosa ha dichiarato in una conferenza stampa nella citt\u00e0 orientale di Debrecen che la campagna fisica per raccogliere firme sar\u00e0 sospesa durante le vacanze di Natale e Capodanno e sar\u00e0 ripresa a gennaio.<\/p>\n<p>Finora il partito \u00e8 riuscito a raccogliere 1,7 milioni di firme a sostegno della posizione del governo contro la distribuzione obbligatoria dei migranti, ha detto, aggiungendo che la sua iniziativa si sta gi\u00e0 rivelando vincente.<\/p>\n<p>Ha detto che c&#8217;\u00e8 un accordo tra l&#8217;Unione Europea e la Turchia in base al quale non ci sar\u00e0 alcun meccanismo di reinsediamento o di quote per gli arrivi illegali.<\/p>\n<p>Il risultato, ha detto Kosa, \u00e8 che le nazioni europee hanno il diritto di decidere con chi vogliono vivere insieme in modo permanente e \u201cnessun altro pu\u00f2 dirci cosa fare\u201d.<\/p>\n<p><em>Foto: MTI<\/em><\/p>\n","protected":false},"excerpt":{"rendered":"<p>Budapest, 2 dicembre (MTI) 2 Dopo aver raccolto firme per la campagna del partito al governo sui migranti, Fidesz passer\u00e0 ora alla raccolta delle firme online per il resto dell&#8217;anno, ha detto domenica il leader del partito. La campagna \u00e8 volta a raccogliere sostegno per la politica del partito contro le quote migranti dell&#8217;Unione Europea. [&hellip;]<\/p>\n","protected":false},"author":2,"featured_media":727140,"comment_status":"open","ping_status":"open","sticky":false,"template":"","format":"standard","meta":{"_display_image":"","footnotes":""},"categories":[1185],"tags":[1078,1291],"class_list":["post-727139","post","type-post","status-publish","format-standard","has-post-thumbnail","hentry","category-politica-in-ungheria","tag-fidesz","tag-migrazione"],"blocksy_meta":[],"author_username":"alk","telegram_post":"","public_post_metadata":{"breaking_news":"","important":"","csempe":"","center_tile":"","disable_thumbnail":"","target_lang":"","_featured_image_style":"","telegram_post":"","_xlat_group_id":""},"public_rank_math_data":{"title":"%titolo% %sep% %nomesito%","description":"","focus_keyword":"","canonical_url":"","robots":"","primary_category":"1185","breadcrumb_title":"","facebook_title":"","facebook_description":"","facebook_image":"","facebook_image_id":"","twitter_title":"","twitter_description":"","twitter_image":"","twitter_image_id":"","twitter_card_type":"","twitter_use_facebook":"","advanced_robots":"","pillar_content":"","seo_score":"","contentai_score":"","rich_snippet":""},"_links":{"self":[{"href":"https:\/\/dailynewshungary.com\/it\/wp-json\/wp\/v2\/posts\/727139","targetHints":{"allow":["GET"]}}],"collection":[{"href":"https:\/\/dailynewshungary.com\/it\/wp-json\/wp\/v2\/posts"}],"about":[{"href":"https:\/\/dailynewshungary.com\/it\/wp-json\/wp\/v2\/types\/post"}],"author":[{"embeddable":true,"href":"https:\/\/dailynewshungary.com\/it\/wp-json\/wp\/v2\/users\/2"}],"replies":[{"embeddable":true,"href":"https:\/\/dailynewshungary.com\/it\/wp-json\/wp\/v2\/comments?post=727139"}],"version-history":[{"count":0,"href":"https:\/\/dailynewshungary.com\/it\/wp-json\/wp\/v2\/posts\/727139\/revisions"}],"wp:featuredmedia":[{"embeddable":true,"href":"https:\/\/dailynewshungary.com\/it\/wp-json\/wp\/v2\/media\/727140"}],"wp:attachment":[{"href":"https:\/\/dailynewshungary.com\/it\/wp-json\/wp\/v2\/media?parent=727139"}],"wp:term":[{"taxonomy":"category","embeddable":true,"href":"https:\/\/dailynewshungary.com\/it\/wp-json\/wp\/v2\/categories?post=727139"},{"taxonomy":"post_tag","embeddable":true,"href":"https:\/\/dailynewshungary.com\/it\/wp-json\/wp\/v2\/tags?post=727139"}],"curies":[{"name":"wp","href":"https:\/\/api.w.org\/{rel}","templated":true}]}}