{"id":727165,"date":"2015-12-19T16:00:17","date_gmt":"2015-12-19T15:00:17","guid":{"rendered":"https:\/\/dailynewshungary.com\/it\/il-deputato-statunitense-ted-poe-lungheria-e-la-crisi-dei-rifugiati\/"},"modified":"2015-12-19T16:00:17","modified_gmt":"2015-12-19T15:00:17","slug":"il-deputato-statunitense-ted-poe-lungheria-e-la-crisi-dei-rifugiati","status":"publish","type":"post","link":"https:\/\/dailynewshungary.com\/it\/il-deputato-statunitense-ted-poe-lungheria-e-la-crisi-dei-rifugiati\/","title":{"rendered":"il deputato statunitense Ted Poe: L\u2019Ungheria e la crisi dei rifugiati"},"content":{"rendered":"<p><strong>Lloyd \u201cTed\u201d Poe \u00e8 un politico repubblicano che attualmente rappresenta il 2\u00b0 distretto congressuale del Texas nella Camera dei rappresentanti degli Stati Uniti \u00c8 il primo repubblicano a rappresentare il 2\u00b0 Texas Ecco il suo discorso sull&#8217;\u201cUngheria e la crisi dei rifugiati\u201d<\/strong><\/p>\n<p>\u201cSignor Presidente, prima degli attacchi di Parigi, gli esperti seduti nelle lontane capitali del mondo lanciavano pallonetti contro l&#8217;Ungheria per aver chiuso un occhio sulla difficile situazione dei rifugiati siriani Ora che sappiamo che uno degli aggressori si \u00e8 finto un rifugiato per entrare in Europa e poi \u00e8 rimasto in un campo profughi mentre si dirigeva dalla Grecia a Parigi, mi piacerebbe fare qualcosa che so che gli esperti non faranno: tornare a una vecchia storia per assicurarsi che abbiano capito bene.<\/p>\n<p>In primo luogo, le opinioni del mondo esterno su ci\u00f2 che l&#8217;Ungheria dovrebbe o non dovrebbe fare sono del tutto irrilevanti L&#8217;Ungheria \u00e8 un paese sovrano che alla fine prender\u00e0 le proprie decisioni politiche in base ai propri interessi e preoccupazioni caso per caso Se l&#8217;Ungheria lascia entrare i rifugiati da un conflitto con cui non ha assolutamente nulla a che fare \u00e8 una questione puramente ungherese Proprio come non vorremmo che il Canada ci dicesse cosa fare, n\u00e9 l&#8217;Ungheria vuole che paesi come la Germania gli dicano cosa fare.<\/p>\n<p>Il fatto della questione \u00e8 che la questione dei rifugiati \u00e8 complessa Ci sono due lati dell&#8217;argomento morale S\u00ec, c&#8217;\u00e8 un argomento morale per aiutare coloro che fuggono dalla guerra, ma non dimentichiamoci dell&#8217;argomento morale per un governo che mantiene la promessa ai suoi cittadini che li protegger\u00e0 I rifugiati pongono gravi preoccupazioni economiche e di sicurezza ai paesi d&#8217;Europa Stime modeste suggeriscono che la Germania, che ha propagandato un atteggiamento accogliente nei confronti dei rifugiati, si trover\u00e0 a spendere fino a 10 miliardi di euro nel 2015 per accogliere questi nuovi arrivati Se l&#8217;Ungheria dovesse spendere anche solo la met\u00e0 di quella cifra, costerebbe al paese oltre il 7% del suo bilancio annuale.<\/p>\n<p>Mentre la Germania potrebbe essere finanziariamente in grado di resistere alla tempesta finanziaria precipitata dall&#8217;afflusso di rifugiati, l&#8217;economia dell&#8217;Ungheria potrebbe non farlo Nonostante i notevoli miglioramenti degli ultimi anni sia nel commercio che negli investimenti, il tasso di disoccupazione dell&#8217;Ungheria si trova ora al 10,5% L&#8217;Organizzazione per la cooperazione e lo sviluppo economico osserva che, sebbene l&#8217;Ungheria sia uscita con successo dalla recessione all&#8217;inizio del 2013, la ripresa della sua economia \u00e8 nella migliore delle ipotesi modesta, le note dell&#8217;OCSE devono \u201cmantenere la disciplina fiscale, sottolineando la necessit\u00e0 di Budapest di investire nella propria gente e nell&#8217;economia non spendere miliardi per accogliere gli altri.<\/p>\n<p>Mettendo da parte i fattori economici, \u00e8 abbastanza ovvio che accogliere i rifugiati siriani comporta tutta una serie di preoccupazioni per la sicurezza L&#8217;ISIS si \u00e8 apertamente vantato negli ultimi mesi di inviare agenti in Europa sotto le spoglie di rifugiati, con l&#8217;intenzione di soddisfare la minaccia dell&#8217;organizzazione terroristica di organizzare attacchi in Occidente Funzionari dell&#8217;intelligence europea e americana riferiscono che l&#8217;ISIS ha istituito un&#8217;ala specializzata nel lanciare attacchi terroristici all&#8217;estero, fornendo guida, addestramento e finanziamenti per attacchi che uccidono il maggior numero possibile di civili All&#8217;inizio di questo mese i media britannici hanno riferito che il leader tunisino di un gruppo terroristico affiliato ad al-Qaeda \u00e8 stato introdotto clandestinamente in Europa fingendosi rifugiato in ottobre prima di essere arrestato e deportato in Tunisia Purtroppo, abbiamo visto le sanguinose conseguenze degli attacchi a Parigi, che sono stati compiuti in parte da un terrorista dell&#8217;ISIS entrato in Europa come richiedente asilo.<\/p>\n<p>Il governo ungherese non pensa che tutti i rifugiati siano terroristi Ma le gravi preoccupazioni per la sicurezza non dovrebbero essere cancellate per il bene dell&#8217;umanitarismo L&#8217;Ungheria ha un obbligo umanitario anche nei confronti del proprio popolo L&#8217;Ungheria ha chiesto all&#8217;Unione europea di istituire le istituzioni necessarie e processi ordinati per gestire questo massiccio afflusso di persone nel blocco L&#8217;Ungheria e i suoi vicini paesi dell&#8217;Europa centrale e orientale non dovrebbero sopportare il peso di questo mare di rifugiati Pi\u00f9 di ogni altra cosa, questi paesi non dovrebbero essere giudicati per aver preso decisioni basate sui propri interessi Questo \u00e8 semplicemente un loro diritto.<\/p>\n<p>Ed \u00e8 proprio cos\u00ec.\u201d<\/p>\n<p>Editor di copie: bm<\/p>\n","protected":false},"excerpt":{"rendered":"<p>Lloyd \u201cTed\u201d Poe \u00e8 un politico repubblicano che attualmente rappresenta il 2\u00b0 distretto congressuale del Texas nella Camera dei rappresentanti degli Stati Uniti \u00c8 il primo repubblicano a rappresentare il 2\u00b0 Texas Ecco il suo discorso sull&#8217;\u201cUngheria e la crisi dei rifugiati\u201d \u201cSignor Presidente, prima degli attacchi di Parigi, gli esperti seduti nelle lontane capitali [&hellip;]<\/p>\n","protected":false},"author":2,"featured_media":727166,"comment_status":"open","ping_status":"open","sticky":false,"template":"","format":"standard","meta":{"_display_image":"","footnotes":""},"categories":[1185],"tags":[1291,1111],"class_list":["post-727165","post","type-post","status-publish","format-standard","has-post-thumbnail","hentry","category-politica-in-ungheria","tag-migrazione","tag-stati-uniti"],"blocksy_meta":[],"author_username":"alk","telegram_post":"","public_post_metadata":{"breaking_news":"","important":"","csempe":"","center_tile":"","disable_thumbnail":"","target_lang":"","_featured_image_style":"","telegram_post":"","_xlat_group_id":""},"public_rank_math_data":{"title":"%titolo% %sep% %nomesito%","description":"","focus_keyword":"","canonical_url":"","robots":"","primary_category":"1185","breadcrumb_title":"","facebook_title":"","facebook_description":"","facebook_image":"","facebook_image_id":"","twitter_title":"","twitter_description":"","twitter_image":"","twitter_image_id":"","twitter_card_type":"","twitter_use_facebook":"","advanced_robots":"","pillar_content":"","seo_score":"","contentai_score":"","rich_snippet":""},"_links":{"self":[{"href":"https:\/\/dailynewshungary.com\/it\/wp-json\/wp\/v2\/posts\/727165","targetHints":{"allow":["GET"]}}],"collection":[{"href":"https:\/\/dailynewshungary.com\/it\/wp-json\/wp\/v2\/posts"}],"about":[{"href":"https:\/\/dailynewshungary.com\/it\/wp-json\/wp\/v2\/types\/post"}],"author":[{"embeddable":true,"href":"https:\/\/dailynewshungary.com\/it\/wp-json\/wp\/v2\/users\/2"}],"replies":[{"embeddable":true,"href":"https:\/\/dailynewshungary.com\/it\/wp-json\/wp\/v2\/comments?post=727165"}],"version-history":[{"count":0,"href":"https:\/\/dailynewshungary.com\/it\/wp-json\/wp\/v2\/posts\/727165\/revisions"}],"wp:featuredmedia":[{"embeddable":true,"href":"https:\/\/dailynewshungary.com\/it\/wp-json\/wp\/v2\/media\/727166"}],"wp:attachment":[{"href":"https:\/\/dailynewshungary.com\/it\/wp-json\/wp\/v2\/media?parent=727165"}],"wp:term":[{"taxonomy":"category","embeddable":true,"href":"https:\/\/dailynewshungary.com\/it\/wp-json\/wp\/v2\/categories?post=727165"},{"taxonomy":"post_tag","embeddable":true,"href":"https:\/\/dailynewshungary.com\/it\/wp-json\/wp\/v2\/tags?post=727165"}],"curies":[{"name":"wp","href":"https:\/\/api.w.org\/{rel}","templated":true}]}}