{"id":727267,"date":"2015-12-16T17:10:49","date_gmt":"2015-12-16T16:10:49","guid":{"rendered":"https:\/\/dailynewshungary.com\/it\/il-campo-profughi-di-debrecen-e-stato-ufficialmente-chiuso\/"},"modified":"2015-12-16T17:10:49","modified_gmt":"2015-12-16T16:10:49","slug":"il-campo-profughi-di-debrecen-e-stato-ufficialmente-chiuso","status":"publish","type":"post","link":"https:\/\/dailynewshungary.com\/it\/il-campo-profughi-di-debrecen-e-stato-ufficialmente-chiuso\/","title":{"rendered":"Il campo profughi di Debrecen \u00e8 stato ufficialmente chiuso"},"content":{"rendered":"<p><strong>Budapest, 6 dicembre (MTI) Mercoled\u00ec le autorit\u00e0 di 1000 hanno posizionato un cartello di \u201cClosed\u201d sul cancello del centro di accoglienza dei rifugiati a Debrecen, nell&#8217;Ungheria orientale, chiudendo cos\u00ec ufficialmente il campo che aveva fornito rifugio ai rifugiati per vent&#8217;anni.<\/strong><\/p>\n<p>Lajos Kosa, capogruppo parlamentare per il governo di Fidesz ed ex sindaco della citt\u00e0, ha detto che negli ultimi anni Debrecen aveva dimostrato solidariet\u00e0 e umanit\u00e0 accogliendo i rifugiati, ma era ora di chiudere il campo. \u201cQuesto \u00e8 un momento in cui l&#8217;Europa deve proteggere i suoi confini invece di allestire campi, ha detto\u201d Kosa.<\/p>\n<p><img loading=\"lazy\" decoding=\"async\" class=\"size-full wp-image-29265 aligncenter\" src=\"https:\/\/dailynewshungary.com\/wp-content\/uploads\/2015\/12\/Download-16-1.jpg\" alt=\"Scarica (16)\" width=\"600\" height=\"400\" srcset=\"https:\/\/contentf5.dailynewshungary.com\/wp-content\/uploads\/2015\/12\/Download-16-1.jpg 600w, https:\/\/contentf5.dailynewshungary.com\/wp-content\/uploads\/2015\/12\/Download-16-1-300x200.jpg 300w\" sizes=\"auto, (max-width: 600px) 100vw, 600px\"><\/p>\n<p>Il sindaco di Debrecen, Laszlo Papp, ha ringraziato il governo per la sua coerente politica migratoria che ha consentito la chiusura del campo profughi, rischio che secondo lui comporta la sicurezza della citt\u00e0.<\/p>\n<p>Il segretario di stato del ministero dell&#8217;Interno Karoly Kontrat ha osservato che il campo profughi ha accolto un totale di 73.000 persone nel corso dei suoi anni di attivit\u00e0 All&#8217;inizio dell&#8217;operazione del campo, la maggior parte dei rifugiati proveniva da paesi slavi meridionali mentre pi\u00f9 tardi il campo ha dato rifugio principalmente a rifugiati afghani, iracheni, siriani e kosovari, ha detto.<\/p>\n<p><em>Foto: MTI<\/em><\/p>\n","protected":false},"excerpt":{"rendered":"<p>Budapest, 6 dicembre (MTI) Mercoled\u00ec le autorit\u00e0 di 1000 hanno posizionato un cartello di \u201cClosed\u201d sul cancello del centro di accoglienza dei rifugiati a Debrecen, nell&#8217;Ungheria orientale, chiudendo cos\u00ec ufficialmente il campo che aveva fornito rifugio ai rifugiati per vent&#8217;anni. Lajos Kosa, capogruppo parlamentare per il governo di Fidesz ed ex sindaco della citt\u00e0, ha [&hellip;]<\/p>\n","protected":false},"author":2,"featured_media":727268,"comment_status":"open","ping_status":"open","sticky":false,"template":"","format":"standard","meta":{"_display_image":"","footnotes":""},"categories":[1185],"tags":[1291],"class_list":["post-727267","post","type-post","status-publish","format-standard","has-post-thumbnail","hentry","category-politica-in-ungheria","tag-migrazione"],"blocksy_meta":[],"author_username":"alk","telegram_post":"","public_post_metadata":{"breaking_news":"","important":"","csempe":"","center_tile":"","disable_thumbnail":"","target_lang":"","_featured_image_style":"","telegram_post":"","_xlat_group_id":""},"public_rank_math_data":{"title":"%titolo% %sep% %nomesito%","description":"","focus_keyword":"","canonical_url":"","robots":"","primary_category":"1185","breadcrumb_title":"","facebook_title":"","facebook_description":"","facebook_image":"","facebook_image_id":"","twitter_title":"","twitter_description":"","twitter_image":"","twitter_image_id":"","twitter_card_type":"","twitter_use_facebook":"","advanced_robots":"","pillar_content":"","seo_score":"","contentai_score":"","rich_snippet":""},"_links":{"self":[{"href":"https:\/\/dailynewshungary.com\/it\/wp-json\/wp\/v2\/posts\/727267","targetHints":{"allow":["GET"]}}],"collection":[{"href":"https:\/\/dailynewshungary.com\/it\/wp-json\/wp\/v2\/posts"}],"about":[{"href":"https:\/\/dailynewshungary.com\/it\/wp-json\/wp\/v2\/types\/post"}],"author":[{"embeddable":true,"href":"https:\/\/dailynewshungary.com\/it\/wp-json\/wp\/v2\/users\/2"}],"replies":[{"embeddable":true,"href":"https:\/\/dailynewshungary.com\/it\/wp-json\/wp\/v2\/comments?post=727267"}],"version-history":[{"count":0,"href":"https:\/\/dailynewshungary.com\/it\/wp-json\/wp\/v2\/posts\/727267\/revisions"}],"wp:featuredmedia":[{"embeddable":true,"href":"https:\/\/dailynewshungary.com\/it\/wp-json\/wp\/v2\/media\/727268"}],"wp:attachment":[{"href":"https:\/\/dailynewshungary.com\/it\/wp-json\/wp\/v2\/media?parent=727267"}],"wp:term":[{"taxonomy":"category","embeddable":true,"href":"https:\/\/dailynewshungary.com\/it\/wp-json\/wp\/v2\/categories?post=727267"},{"taxonomy":"post_tag","embeddable":true,"href":"https:\/\/dailynewshungary.com\/it\/wp-json\/wp\/v2\/tags?post=727267"}],"curies":[{"name":"wp","href":"https:\/\/api.w.org\/{rel}","templated":true}]}}