{"id":727588,"date":"2015-12-05T23:03:56","date_gmt":"2015-12-05T22:03:56","guid":{"rendered":"https:\/\/dailynewshungary.com\/it\/ambasciatore-usa-lungheria-ha-diritto-a-proteggere-i-suoi-confini\/"},"modified":"2015-12-05T23:03:56","modified_gmt":"2015-12-05T22:03:56","slug":"ambasciatore-usa-lungheria-ha-diritto-a-proteggere-i-suoi-confini","status":"publish","type":"post","link":"https:\/\/dailynewshungary.com\/it\/ambasciatore-usa-lungheria-ha-diritto-a-proteggere-i-suoi-confini\/","title":{"rendered":"ambasciatore Usa: l\u2019Ungheria ha diritto a proteggere i suoi confini"},"content":{"rendered":"<p><strong>Budapest, 5 dicembre (MTI) Gli Stati Uniti comprendono che, in quanto nazione sovrana, l&#8217;Ungheria ha il diritto di proteggere i propri confini, ha affermato l&#8217;ambasciatrice americana Colleen Bell in un&#8217;intervista al canale di notizie pubbliche M1 trasmessa sabato.<\/strong><\/p>\n<p>L&#8217;ambasciatore ha affermato che, poich\u00e9 la crisi dei migranti \u00e8 globale, gli Stati Uniti non sono in grado di prescriverle una soluzione.<\/p>\n<p>\u201cLa crisi migratoria \u00e8 una crisi globale \u00c8 particolarmente impegnativa qui in Europa, ha detto l&#8217;ambasciatore\u201d, Ha detto che gli Stati Uniti sanno che l&#8217;Ungheria \u00e8 tra i paesi che sono stati maggiormente sfidati dalla crisi, poich\u00e9 si trova alla periferia della zona Schengen.<\/p>\n<p>\u201cLa trasformazione di tutte queste persone in arrivo, in conformit\u00e0 con l&#8217;Accordo di Dublino, \u00e8 stata estremamente difficile per l&#8217;Ungheria e lo comprendiamo, ha aggiunto.<\/p>\n<p>Bell ha affermato che gli Stati Uniti non intendono criticare le scelte dell&#8217;Ungheria nel tentativo di gestire la crisi dei migranti, ma sostengono gli sforzi dell&#8217;Unione Europea per elaborare un approccio sistematico, globale e unificato a questa crisi. Ha aggiunto che gli Stati Uniti ricordano a ogni paese l\u2019importanza di garantire la sicurezza dei rifugiati e trattarli umanamente e con dignit\u00e0.<\/p>\n<p>\u201cL&#8217;Ungheria non viene individuata con quel messaggio, ha detto\u201d Bell, aggiungendo che \u00e8 importante assicurarsi che ogni paese capisca che molti rifugiati fuggono dall&#8217;estremismo violento. \u201cNon sono terroristi Fuggono da circostanze molto complicate e difficili.\u201d<\/p>\n<p>Bell ha affermato che, essendo uno dei paesi pi\u00f9 accettanti al mondo, solo lo scorso anno gli Stati Uniti hanno accolto rifugiati provenienti da oltre 70 paesi. Questo \u00e8 il motivo per cui, ha affermato, gli Stati Uniti comprendono l&#8217;importanza dello screening delle persone e del trattamento per la sicurezza e la protezione.<\/p>\n<p>Sul tema dell&#8217;ispezione dell&#8217;esercitazione congiunta Thunder Cloud 2015 presso la base aerea militare Papa, nell&#8217;Ungheria occidentale, Bell ha osservato che nell&#8217;ultimo anno c&#8217;\u00e8 stato un forte aumento delle esercitazioni a seguito dell&#8217;operazione Atlantic Resolve\u201d, uno dei progressi emersi dal vertice NATO dello scorso anno in Galles. Ha affermato che le esercitazioni militari congiunte continueranno in modo che la NATO possa migliorare l\u2019operativit\u00e0 interna con i suoi alleati.<\/p>\n<p>L&#8217;Ungheria \u00e8 un ottimo alleato della NATO, ha detto Bell.<\/p>\n<p>\u201cLa professionalit\u00e0, l&#8217;entusiasmo e il talento dell&#8217;esercito ungherese sono qualcosa che tutti riconosciamo. L&#8217;Ungheria dovrebbe essere molto orgogliosa del proprio esercito, ha detto.<\/p>\n<p>In termini di contributo della NATO, in Galles l&#8217;Ungheria si \u00e8 impegnata ad aumentare la spesa del PIL, ha aggiunto.<\/p>\n<p>L&#8217;Ungheria \u00e8 rappresentata da quasi 300 soldati all&#8217;addestramento congiunto Thunder Cloud 2015 e gli Stati Uniti sono presenti con 350 soldati sui caccia A-10, nove dei quali sono di stanza a Papa.<\/p>\n<p>Bell ha descritto le relazioni Ungheria-USA come mature, complesse e dinamiche. Hanno dei punti di forza e ci sono aree in cui \u00e8 necessario ulteriore lavoro per fare progressi, ha aggiunto.<\/p>\n<p>Ha affermato che la cooperazione in materia di sicurezza \u00e8 eccellente e la prevede in crescita ed espansione perch\u00e9 il contesto di sicurezza \u00e8 in continua evoluzione e, come alleati, i due paesi devono lavorare insieme, adattandosi ai cambiamenti.<\/p>\n<p>Anche la cooperazione tra le forze dell\u2019ordine \u00e8 eccellente, ha affermato. L\u2019Ungheria pu\u00f2 creare un ambiente complessivamente sicuro per i suoi cittadini, con un\u2019incidenza di violenza armata estremamente bassa, il che dovrebbe essere lodato, ha aggiunto.<\/p>\n<p>\u201cContinueremo a far rispettare la legge e continueremo a lavorare sulla nostra cooperazione in materia di sicurezza, e continueremo a esprimere preoccupazioni ovunque ci siano preoccupazioni, ha detto\u201d.<\/p>\n<p>\u201c\u00c8 una strada a doppio senso perch\u00e9 occasionalmente, se cito qualche preoccupazione, potete star certi che ci sono anche membri del governo ungherese che mi esprimono le loro preoccupazioni e parliamo, e crediamo nell&#8217;utilit\u00e0 del dialogo diplomatico e cos\u00ec gran parte dei progressi che si stanno evolvendo dalla nostra cooperazione si stanno svolgendo in stanze private, con il dialogo diplomatico in prima linea, ha aggiunto.<\/p>\n<p><em>Foto: MTI<\/em><\/p>\n","protected":false},"excerpt":{"rendered":"<p>Budapest, 5 dicembre (MTI) Gli Stati Uniti comprendono che, in quanto nazione sovrana, l&#8217;Ungheria ha il diritto di proteggere i propri confini, ha affermato l&#8217;ambasciatrice americana Colleen Bell in un&#8217;intervista al canale di notizie pubbliche M1 trasmessa sabato. L&#8217;ambasciatore ha affermato che, poich\u00e9 la crisi dei migranti \u00e8 globale, gli Stati Uniti non sono in [&hellip;]<\/p>\n","protected":false},"author":2,"featured_media":727589,"comment_status":"open","ping_status":"open","sticky":false,"template":"","format":"standard","meta":{"_display_image":"","footnotes":""},"categories":[1185],"tags":[1291,1111],"class_list":["post-727588","post","type-post","status-publish","format-standard","has-post-thumbnail","hentry","category-politica-in-ungheria","tag-migrazione","tag-stati-uniti"],"blocksy_meta":[],"author_username":"alk","telegram_post":"","public_post_metadata":{"breaking_news":"","important":"","csempe":"","center_tile":"","disable_thumbnail":"","target_lang":"","_featured_image_style":"","telegram_post":"","_xlat_group_id":""},"public_rank_math_data":{"title":"%titolo% %sep% %nomesito%","description":"","focus_keyword":"","canonical_url":"","robots":"","primary_category":"1185","breadcrumb_title":"","facebook_title":"","facebook_description":"","facebook_image":"","facebook_image_id":"","twitter_title":"","twitter_description":"","twitter_image":"","twitter_image_id":"","twitter_card_type":"","twitter_use_facebook":"","advanced_robots":"","pillar_content":"","seo_score":"","contentai_score":"","rich_snippet":""},"_links":{"self":[{"href":"https:\/\/dailynewshungary.com\/it\/wp-json\/wp\/v2\/posts\/727588","targetHints":{"allow":["GET"]}}],"collection":[{"href":"https:\/\/dailynewshungary.com\/it\/wp-json\/wp\/v2\/posts"}],"about":[{"href":"https:\/\/dailynewshungary.com\/it\/wp-json\/wp\/v2\/types\/post"}],"author":[{"embeddable":true,"href":"https:\/\/dailynewshungary.com\/it\/wp-json\/wp\/v2\/users\/2"}],"replies":[{"embeddable":true,"href":"https:\/\/dailynewshungary.com\/it\/wp-json\/wp\/v2\/comments?post=727588"}],"version-history":[{"count":0,"href":"https:\/\/dailynewshungary.com\/it\/wp-json\/wp\/v2\/posts\/727588\/revisions"}],"wp:featuredmedia":[{"embeddable":true,"href":"https:\/\/dailynewshungary.com\/it\/wp-json\/wp\/v2\/media\/727589"}],"wp:attachment":[{"href":"https:\/\/dailynewshungary.com\/it\/wp-json\/wp\/v2\/media?parent=727588"}],"wp:term":[{"taxonomy":"category","embeddable":true,"href":"https:\/\/dailynewshungary.com\/it\/wp-json\/wp\/v2\/categories?post=727588"},{"taxonomy":"post_tag","embeddable":true,"href":"https:\/\/dailynewshungary.com\/it\/wp-json\/wp\/v2\/tags?post=727588"}],"curies":[{"name":"wp","href":"https:\/\/api.w.org\/{rel}","templated":true}]}}