{"id":727740,"date":"2015-12-01T15:07:22","date_gmt":"2015-12-01T14:07:22","guid":{"rendered":"https:\/\/dailynewshungary.com\/it\/ufficiale-lungheria-probabilmente-presentera-una-petizione-sulle-quote-di-migranti-il-14-dicembre\/"},"modified":"2015-12-01T15:07:22","modified_gmt":"2015-12-01T14:07:22","slug":"ufficiale-lungheria-probabilmente-presentera-una-petizione-sulle-quote-di-migranti-il-14-dicembre","status":"publish","type":"post","link":"https:\/\/dailynewshungary.com\/it\/ufficiale-lungheria-probabilmente-presentera-una-petizione-sulle-quote-di-migranti-il-14-dicembre\/","title":{"rendered":"Ufficiale: l\u2019Ungheria probabilmente presenter\u00e0 una petizione sulle quote di migranti il 14 dicembre"},"content":{"rendered":"<p><strong>Budapest, 1 dicembre (MTI) Il governo ungherese molto probabilmente presenter\u00e0 la sua petizione contro le quote obbligatorie di migranti dell&#8217;Unione Europea alla Corte di Giustizia Europea il 14 dicembre, ha detto marted\u00ec un segretario di Stato del ministero della Giustizia.<\/strong><\/p>\n<p>Pal Volner ha dichiarato al canale di informazione pubblica M1 che la Corte di giustizia dovr\u00e0 decidere se gestir\u00e0 il caso con una procedura accelerata o con una procedura normale Se il caso sar\u00e0 trattato con la procedura accelerata, la Corte di giustizia potrebbe pronunciarsi sulla petizione entro sei mesi, mentre se il caso viene esaminato con la procedura normale, potrebbero essere necessari 1,5-2 anni prima che il tribunale raggiunga una decisione, ha detto Volner.<\/p>\n<p><em>Foto: MTI<\/em><\/p>\n","protected":false},"excerpt":{"rendered":"<p>Budapest, 1 dicembre (MTI) Il governo ungherese molto probabilmente presenter\u00e0 la sua petizione contro le quote obbligatorie di migranti dell&#8217;Unione Europea alla Corte di Giustizia Europea il 14 dicembre, ha detto marted\u00ec un segretario di Stato del ministero della Giustizia. Pal Volner ha dichiarato al canale di informazione pubblica M1 che la Corte di giustizia [&hellip;]<\/p>\n","protected":false},"author":2,"featured_media":727741,"comment_status":"open","ping_status":"open","sticky":false,"template":"","format":"standard","meta":{"_display_image":"","footnotes":""},"categories":[1185],"tags":[1078,1291],"class_list":["post-727740","post","type-post","status-publish","format-standard","has-post-thumbnail","hentry","category-politica-in-ungheria","tag-fidesz","tag-migrazione"],"blocksy_meta":[],"author_username":"alk","telegram_post":"","public_post_metadata":{"breaking_news":"","important":"","csempe":"","center_tile":"","disable_thumbnail":"","target_lang":"","_featured_image_style":"","telegram_post":"","_xlat_group_id":""},"public_rank_math_data":{"title":"%titolo% %sep% %nomesito%","description":"","focus_keyword":"","canonical_url":"","robots":"","primary_category":"1185","breadcrumb_title":"","facebook_title":"","facebook_description":"","facebook_image":"","facebook_image_id":"","twitter_title":"","twitter_description":"","twitter_image":"","twitter_image_id":"","twitter_card_type":"","twitter_use_facebook":"","advanced_robots":"","pillar_content":"","seo_score":"","contentai_score":"","rich_snippet":""},"_links":{"self":[{"href":"https:\/\/dailynewshungary.com\/it\/wp-json\/wp\/v2\/posts\/727740","targetHints":{"allow":["GET"]}}],"collection":[{"href":"https:\/\/dailynewshungary.com\/it\/wp-json\/wp\/v2\/posts"}],"about":[{"href":"https:\/\/dailynewshungary.com\/it\/wp-json\/wp\/v2\/types\/post"}],"author":[{"embeddable":true,"href":"https:\/\/dailynewshungary.com\/it\/wp-json\/wp\/v2\/users\/2"}],"replies":[{"embeddable":true,"href":"https:\/\/dailynewshungary.com\/it\/wp-json\/wp\/v2\/comments?post=727740"}],"version-history":[{"count":0,"href":"https:\/\/dailynewshungary.com\/it\/wp-json\/wp\/v2\/posts\/727740\/revisions"}],"wp:featuredmedia":[{"embeddable":true,"href":"https:\/\/dailynewshungary.com\/it\/wp-json\/wp\/v2\/media\/727741"}],"wp:attachment":[{"href":"https:\/\/dailynewshungary.com\/it\/wp-json\/wp\/v2\/media?parent=727740"}],"wp:term":[{"taxonomy":"category","embeddable":true,"href":"https:\/\/dailynewshungary.com\/it\/wp-json\/wp\/v2\/categories?post=727740"},{"taxonomy":"post_tag","embeddable":true,"href":"https:\/\/dailynewshungary.com\/it\/wp-json\/wp\/v2\/tags?post=727740"}],"curies":[{"name":"wp","href":"https:\/\/api.w.org\/{rel}","templated":true}]}}