{"id":727817,"date":"2015-11-28T09:01:03","date_gmt":"2015-11-28T08:01:03","guid":{"rendered":"https:\/\/dailynewshungary.com\/it\/governo-ungherese-cruciale-il-vertice-del-fine-settimana-ue-turchia-sulla-migrazione\/"},"modified":"2015-11-28T09:01:03","modified_gmt":"2015-11-28T08:01:03","slug":"governo-ungherese-cruciale-il-vertice-del-fine-settimana-ue-turchia-sulla-migrazione","status":"publish","type":"post","link":"https:\/\/dailynewshungary.com\/it\/governo-ungherese-cruciale-il-vertice-del-fine-settimana-ue-turchia-sulla-migrazione\/","title":{"rendered":"Governo ungherese: cruciale il vertice del fine settimana UE-Turchia sulla migrazione"},"content":{"rendered":"<p><strong>Budapest (MTI) (MTI) Il prossimo vertice UE-Turchia incentrato sulla migrazione sar\u00e0 di fondamentale importanza poich\u00e9 pu\u00f2 influenzare considerevolmente la pressione migratoria sull&#8217;Europa, ha detto venerd\u00ec il ministro degli Esteri.<\/strong><\/p>\n<p>Sarebbe meglio servire gli interessi dell\u2019UE se il blocco potesse avviare i colloqui domenica da una posizione di \u201cstrong\u201d. Ma l\u2019UE si seder\u00e0 invece al tavolo dei negoziati in una\u201d indifesa poich\u00e9 finora non \u00e8 stata in grado di proteggere i suoi confini e se stessa, ha detto Peter Szijjarto in una conferenza stampa.<\/p>\n<p>La situazione attuale dell&#8217;Europa \u00e8 la conseguenza di una politica ipocrita di rinvio delle decisioni, ha affermato.<\/p>\n<p>Szijjarto ha osservato che negli ultimi dieci giorni i politici europei hanno rilasciato circa 30 dichiarazioni sottolineando l&#8217;importanza di proteggere le frontiere esterne dell&#8217;UE. Tuttavia non \u00e8 stato fatto alcun progresso concreto in questo problema mentre circa 5.000-10.000 migranti attraversano illegalmente le frontiere dell&#8217;UE al giorno, ha affermato.<\/p>\n<p>Il ministro ha affermato che l&#8217;Ungheria \u00e8 stato l&#8217;unico Stato membro dell&#8217;UE che \u00e8 stato in grado di prendere una decisione per proteggere i propri confini e sedare l&#8217;ondata di migranti osservando tutte le leggi dell&#8217;UE.<\/p>\n<p>Il primo passo da compiere per l\u2019Europa sarebbe quello di raggiungere un accordo con i paesi da cui provengono i migranti per mantenerli a casa e sostenere i relativi sforzi con finanziamenti adeguati, ha affermato.<\/p>\n<p>Szijjarto ha annunciato che il primo ministro Viktor Orban si recher\u00e0 in visita ufficiale in Iran luned\u00ec e marted\u00ec e firmer\u00e0 accordi sulla protezione bilaterale degli investimenti e sull&#8217;evitamento della doppia imposizione.<\/p>\n","protected":false},"excerpt":{"rendered":"<p>Budapest (MTI) (MTI) Il prossimo vertice UE-Turchia incentrato sulla migrazione sar\u00e0 di fondamentale importanza poich\u00e9 pu\u00f2 influenzare considerevolmente la pressione migratoria sull&#8217;Europa, ha detto venerd\u00ec il ministro degli Esteri. Sarebbe meglio servire gli interessi dell\u2019UE se il blocco potesse avviare i colloqui domenica da una posizione di \u201cstrong\u201d. Ma l\u2019UE si seder\u00e0 invece al tavolo [&hellip;]<\/p>\n","protected":false},"author":2,"featured_media":727818,"comment_status":"open","ping_status":"open","sticky":false,"template":"","format":"standard","meta":{"_display_image":"","footnotes":""},"categories":[1185],"tags":[1092,1086,1075],"class_list":["post-727817","post","type-post","status-publish","format-standard","has-post-thumbnail","hentry","category-politica-in-ungheria","tag-ministero-degli-affari-esteri-dellungheria","tag-turchia","tag-unione-europea"],"blocksy_meta":[],"author_username":"alk","telegram_post":"","public_post_metadata":{"breaking_news":"","important":"","csempe":"","center_tile":"","disable_thumbnail":"","target_lang":"","_featured_image_style":"","telegram_post":"","_xlat_group_id":""},"public_rank_math_data":{"title":"%titolo% %sep% %nomesito%","description":"","focus_keyword":"","canonical_url":"","robots":"","primary_category":"1185","breadcrumb_title":"","facebook_title":"","facebook_description":"","facebook_image":"","facebook_image_id":"","twitter_title":"","twitter_description":"","twitter_image":"","twitter_image_id":"","twitter_card_type":"","twitter_use_facebook":"","advanced_robots":"","pillar_content":"","seo_score":"","contentai_score":"","rich_snippet":""},"_links":{"self":[{"href":"https:\/\/dailynewshungary.com\/it\/wp-json\/wp\/v2\/posts\/727817","targetHints":{"allow":["GET"]}}],"collection":[{"href":"https:\/\/dailynewshungary.com\/it\/wp-json\/wp\/v2\/posts"}],"about":[{"href":"https:\/\/dailynewshungary.com\/it\/wp-json\/wp\/v2\/types\/post"}],"author":[{"embeddable":true,"href":"https:\/\/dailynewshungary.com\/it\/wp-json\/wp\/v2\/users\/2"}],"replies":[{"embeddable":true,"href":"https:\/\/dailynewshungary.com\/it\/wp-json\/wp\/v2\/comments?post=727817"}],"version-history":[{"count":0,"href":"https:\/\/dailynewshungary.com\/it\/wp-json\/wp\/v2\/posts\/727817\/revisions"}],"wp:featuredmedia":[{"embeddable":true,"href":"https:\/\/dailynewshungary.com\/it\/wp-json\/wp\/v2\/media\/727818"}],"wp:attachment":[{"href":"https:\/\/dailynewshungary.com\/it\/wp-json\/wp\/v2\/media?parent=727817"}],"wp:term":[{"taxonomy":"category","embeddable":true,"href":"https:\/\/dailynewshungary.com\/it\/wp-json\/wp\/v2\/categories?post=727817"},{"taxonomy":"post_tag","embeddable":true,"href":"https:\/\/dailynewshungary.com\/it\/wp-json\/wp\/v2\/tags?post=727817"}],"curies":[{"name":"wp","href":"https:\/\/api.w.org\/{rel}","templated":true}]}}