{"id":727913,"date":"2015-11-25T08:03:10","date_gmt":"2015-11-25T07:03:10","guid":{"rendered":"https:\/\/dailynewshungary.com\/it\/gli-esperti-tengono-una-tavola-rotonda-sulla-migrazione\/"},"modified":"2015-11-25T08:03:10","modified_gmt":"2015-11-25T07:03:10","slug":"gli-esperti-tengono-una-tavola-rotonda-sulla-migrazione","status":"publish","type":"post","link":"https:\/\/dailynewshungary.com\/it\/gli-esperti-tengono-una-tavola-rotonda-sulla-migrazione\/","title":{"rendered":"Gli esperti tengono una tavola rotonda sulla migrazione"},"content":{"rendered":"<p><strong>Budapest (MTI) L&#8217;Europa \u00e8 in grado di risolvere la sua crisi migratoria, ma sigillare le frontiere non risolver\u00e0 nulla, ha detto l&#8217;ex ministro degli Esteri Peter Balazs in una tavola rotonda sulla migrazione.<\/strong><\/p>\n<p>Balazs ha detto che l&#8217;enorme flusso di migranti ha sconvolto l&#8217;Europa e ha messo un peso maggiore su certi paesi rispetto ad altri, Allo stesso tempo, l&#8217;Europa ha vissuto orribili atti di terrore, spingendo alcune persone a tracciare parallelismi tra i due fenomeni, ha detto l&#8217;ex ministro.<\/p>\n<p>Il fatto che l\u2019Ungheria abbia ora arginato il flusso di migranti attraverso i suoi confini erigendo recinzioni non significa che ci saranno meno migranti che si dirigeranno verso l\u2019Europa occidentale, ha detto Balazs, aggiungendo che la crisi richiede una soluzione internazionale perch\u00e9 la Germania \u00e8 incapace di risolvere la crisi da sola.<\/p>\n<p>Balazs ha elogiato le politiche migratorie della cancelliera tedesca Angela Merkel e \u201cwisdom\u201d affermando di essere stata in grado di creare un equilibrio tra i socialdemocratici che sostengono la migrazione e i politici conservatori della CDU\/CSU che si oppongono Ha detto di aver visto numerosi esempi positivi in tutta Europa di musulmani che si integrano nelle societ\u00e0 europee cos\u00ec come alcuni negativi, in particolare in Francia.<\/p>\n<p>Maria Schmidt, direttrice del Museo della Casa del Terrore, dove si \u00e8 tenuta la tavola rotonda, ha detto che la crisi far\u00e0 a pezzi l&#8217;Europa Anche Schmidt ha detto che le recinzioni di confine non risolveranno la crisi, aggiungendo per\u00f2 che non vede un&#8217;alternativa praticabile, a causa delle osservazioni\u201cidiotiche\u201d fatte dal cancelliere tedesco Ha detto che la maggior parte dei migranti sta arrivando in Europa alla ricerca di un tenore di vita pi\u00f9 elevato Le politiche della cancelliera tedesca stanno destabilizzando l&#8217;Europa e finch\u00e9 non cambier\u00e0 approccio, sar\u00e0 impossibile risolvere la crisi, ha detto Schmidt.<\/p>\n<p>Ha detto che la crisi \u00e8 aggravata dalla \u201canti-Western rabbia\u201d in Medio Oriente che, secondo lei, si manifesta in attacchi terroristici.<\/p>\n<p>Lo storico Gabor Magadja ha affermato che potrebbero esserci potenziali terroristi tra i gruppi di migranti che entrano in Europa, il che significherebbe gravi rischi per la sicurezza del continente. Se le persone attraversano i confini a loro piacimento, allora quei confini devono avere recinzioni, ha affermato. Costruendo una recinzione di confine, l&#8217;Ungheria ha stabilizzato la sua situazione. Ha affermato che le difficolt\u00e0 nella coesistenza pacifica tra musulmani e societ\u00e0 europee derivano principalmente dal comportamento scorretto dell&#8217;Europa occidentale perch\u00e9 sono loro a scusarsi quando i migranti calpestano la punta della testa.<\/p>\n<p><em>Foto: MTI<\/em><\/p>\n","protected":false},"excerpt":{"rendered":"<p>Budapest (MTI) L&#8217;Europa \u00e8 in grado di risolvere la sua crisi migratoria, ma sigillare le frontiere non risolver\u00e0 nulla, ha detto l&#8217;ex ministro degli Esteri Peter Balazs in una tavola rotonda sulla migrazione. Balazs ha detto che l&#8217;enorme flusso di migranti ha sconvolto l&#8217;Europa e ha messo un peso maggiore su certi paesi rispetto ad [&hellip;]<\/p>\n","protected":false},"author":2,"featured_media":727914,"comment_status":"open","ping_status":"open","sticky":false,"template":"","format":"standard","meta":{"_display_image":"","footnotes":""},"categories":[1185],"tags":[1291],"class_list":["post-727913","post","type-post","status-publish","format-standard","has-post-thumbnail","hentry","category-politica-in-ungheria","tag-migrazione"],"blocksy_meta":[],"author_username":"alk","telegram_post":"","public_post_metadata":{"breaking_news":"","important":"","csempe":"","center_tile":"","disable_thumbnail":"","target_lang":"","_featured_image_style":"","telegram_post":"","_xlat_group_id":""},"public_rank_math_data":{"title":"%titolo% %sep% %nomesito%","description":"","focus_keyword":"","canonical_url":"","robots":"","primary_category":"1185","breadcrumb_title":"","facebook_title":"","facebook_description":"","facebook_image":"","facebook_image_id":"","twitter_title":"","twitter_description":"","twitter_image":"","twitter_image_id":"","twitter_card_type":"","twitter_use_facebook":"","advanced_robots":"","pillar_content":"","seo_score":"","contentai_score":"","rich_snippet":""},"_links":{"self":[{"href":"https:\/\/dailynewshungary.com\/it\/wp-json\/wp\/v2\/posts\/727913","targetHints":{"allow":["GET"]}}],"collection":[{"href":"https:\/\/dailynewshungary.com\/it\/wp-json\/wp\/v2\/posts"}],"about":[{"href":"https:\/\/dailynewshungary.com\/it\/wp-json\/wp\/v2\/types\/post"}],"author":[{"embeddable":true,"href":"https:\/\/dailynewshungary.com\/it\/wp-json\/wp\/v2\/users\/2"}],"replies":[{"embeddable":true,"href":"https:\/\/dailynewshungary.com\/it\/wp-json\/wp\/v2\/comments?post=727913"}],"version-history":[{"count":0,"href":"https:\/\/dailynewshungary.com\/it\/wp-json\/wp\/v2\/posts\/727913\/revisions"}],"wp:featuredmedia":[{"embeddable":true,"href":"https:\/\/dailynewshungary.com\/it\/wp-json\/wp\/v2\/media\/727914"}],"wp:attachment":[{"href":"https:\/\/dailynewshungary.com\/it\/wp-json\/wp\/v2\/media?parent=727913"}],"wp:term":[{"taxonomy":"category","embeddable":true,"href":"https:\/\/dailynewshungary.com\/it\/wp-json\/wp\/v2\/categories?post=727913"},{"taxonomy":"post_tag","embeddable":true,"href":"https:\/\/dailynewshungary.com\/it\/wp-json\/wp\/v2\/tags?post=727913"}],"curies":[{"name":"wp","href":"https:\/\/api.w.org\/{rel}","templated":true}]}}