{"id":728149,"date":"2015-11-16T23:30:26","date_gmt":"2015-11-16T22:30:26","guid":{"rendered":"https:\/\/dailynewshungary.com\/it\/la-sicurezza-per-le-persone-e-la-massima-priorita-del-governo-afferma-orban\/"},"modified":"2015-11-16T23:30:26","modified_gmt":"2015-11-16T22:30:26","slug":"la-sicurezza-per-le-persone-e-la-massima-priorita-del-governo-afferma-orban","status":"publish","type":"post","link":"https:\/\/dailynewshungary.com\/it\/la-sicurezza-per-le-persone-e-la-massima-priorita-del-governo-afferma-orban\/","title":{"rendered":"La sicurezza per le persone \u00e8 la massima priorit\u00e0 del governo, afferma Orban"},"content":{"rendered":"<p><strong>Budapest, 6 novembre (MTI) 1 La sicurezza per il popolo ungherese continua ad essere una priorit\u00e0 assoluta per il governo, ha detto luned\u00ec il primo ministro Viktor Orban al canale di notizie pubbliche M1.<\/strong><\/p>\n<p>Il governo \u201cha seguito questa strada\u201d e non ha bisogno di nuove direzioni, ha detto Orban in un&#8217;intervista. Ha aggiunto che la cooperazione tra governo, politici e organizzazioni professionali (di sicurezza) \u201c \u00e8 stata okay\u201d.<\/p>\n<p>Orban ha insistito sul fatto che l&#8217;Ungheria ha fatto tutto il possibile per proteggere non solo i propri cittadini ma anche quelli europei, e ha anche inviato pattuglie di polizia e di frontiera all&#8217;estero per aiutare a proteggere le frontiere esterne della comunit\u00e0.<\/p>\n<p>Per quanto riguarda l&#8217;afflusso di immigrati, Orban ha detto che sono arrivate centinaia di migliaia di persone \u201cdi cui sappiamo molto poco e alcune delle quali hanno ovviamente sfruttato l&#8217;opportunit\u00e0 di una migrazione massiccia per entrare in Europa come terroristra\u201d. Il pericolo \u00e8 \u201cconstant e direct\u201d, ha detto, e ha aggiunto che l&#8217;Ungheria non si far\u00e0 carico del rischio di terrorismo\u201d da altri paesi consentendo l&#8217;ingresso di migranti senza controllo.<\/p>\n<p>Le agenzie di sicurezza dell&#8217;Ungheria hanno inviato un allarme tempestivo che \u201cmasse stanno affluendo da paesi con cui o sui cui territori l&#8217;Unione europea \u00e8 in guerra, si sono ritirate e hanno notato gravi implicazioni per la sicurezza, ha detto Orban. Ha aggiunto che la costruzione di una recinzione da parte dell&#8217;Ungheria lungo i suoi confini meridionali ha comportato anche considerazioni di sicurezza.<\/p>\n<p>Orban ha avvertito che l&#8217;Europa \u00e8 \u201csulla strada sbagliata\u201d, e ha sostenuto che la posizione dominante\u201d a Bruxelles e nei principali paesi dell&#8217;UE \u00e8 che l&#8217;\u201cimmigrazione \u00e8 generalmente buona e ci\u00f2 che l&#8217;Europa sta facendo ora \u00e8 corretta e utile\u201d. Mentre \u00e8 \u201covvia\u201d, per l&#8217;Ungheria, ad esempio, che \u201cit non \u00e8 come quella\u201d, ha aggiunto.<\/p>\n<p>\u201cMolti sono intenzionati a cercare di convincere la gente che non esiste alcun legame tra immigrazione e terrorismo, il\u201d che \u00e8 estremamente angosciante vedere il\u201d, ha detto Orban, e ha insistito sul fatto che i leader europei devono cambiare quella direzione.<\/p>\n<p>Ovunque ci siano molti immigrati, le attivit\u00e0 penali saranno aumentate, la sicurezza pubblica ridotta e la vita sar\u00e0 sempre pi\u00f9 difficile, ha detto, incolpando l&#8217;\u00e9lite europea per la sua riluttanza a discutere la tendenza.<\/p>\n<p>\u201cL&#8217;intera politica europea deve essere riconsiderata, ha detto\u201d Orban, e ha insistito sul fatto che i confini della comunit\u00e0, la sua cultura e gli interessi economici devono essere protetti. L&#8217;UE dovrebbe far s\u00ec che la Grecia protegga i suoi confini come aveva accettato quando ha firmato l&#8217;accordo di Schengen\u201d. Se la Grecia non pu\u00f2 farlo, dovrebbe essere definita una linea di difesa secondaria\u201d per controllare i partecipanti, ha detto Orban.<\/p>\n<p>I Regolamenti di Dublino sono \u201cdead\u201d, ha detto Orban, ma ha espresso impegno per l&#8217;Accordo di Schengen Ha detto che dovrebbe essere mantenuto perch\u00e9 garantisce la libera circolazione della manodopera in Europa. \u201cMa solo quelli dovrebbero far parte di quell&#8217;accordo che ne fanno rispettare i termini,\u201d ha aggiunto.<\/p>\n<p>Il primo ministro ha insistito sul fatto che \u201cnessuno ha autorizzato i leader europei a consentire l&#8217;ingresso di centinaia di migliaia di persone senza alcun controllo\u201d. \u201c\u00c8 solo questione di tempo e i residenti faranno s\u00ec che i leader eletti in Europa agiscano come vogliono,\u201d, ha detto.<\/p>\n","protected":false},"excerpt":{"rendered":"<p>Budapest, 6 novembre (MTI) 1 La sicurezza per il popolo ungherese continua ad essere una priorit\u00e0 assoluta per il governo, ha detto luned\u00ec il primo ministro Viktor Orban al canale di notizie pubbliche M1. Il governo \u201cha seguito questa strada\u201d e non ha bisogno di nuove direzioni, ha detto Orban in un&#8217;intervista. Ha aggiunto che [&hellip;]<\/p>\n","protected":false},"author":2,"featured_media":728150,"comment_status":"open","ping_status":"open","sticky":false,"template":"","format":"standard","meta":{"_display_image":"","footnotes":""},"categories":[1185],"tags":[1291,1193,1083],"class_list":["post-728149","post","type-post","status-publish","format-standard","has-post-thumbnail","hentry","category-politica-in-ungheria","tag-migrazione","tag-terrorismo","tag-viktor-orban"],"blocksy_meta":[],"author_username":"alk","telegram_post":"","public_post_metadata":{"breaking_news":"","important":"","csempe":"","center_tile":"","disable_thumbnail":"","target_lang":"","_featured_image_style":"","telegram_post":"","_xlat_group_id":""},"public_rank_math_data":{"title":"%titolo% %sep% %nomesito%","description":"","focus_keyword":"","canonical_url":"","robots":"","primary_category":"1185","breadcrumb_title":"","facebook_title":"","facebook_description":"","facebook_image":"","facebook_image_id":"","twitter_title":"","twitter_description":"","twitter_image":"","twitter_image_id":"","twitter_card_type":"","twitter_use_facebook":"","advanced_robots":"","pillar_content":"","seo_score":"","contentai_score":"","rich_snippet":""},"_links":{"self":[{"href":"https:\/\/dailynewshungary.com\/it\/wp-json\/wp\/v2\/posts\/728149","targetHints":{"allow":["GET"]}}],"collection":[{"href":"https:\/\/dailynewshungary.com\/it\/wp-json\/wp\/v2\/posts"}],"about":[{"href":"https:\/\/dailynewshungary.com\/it\/wp-json\/wp\/v2\/types\/post"}],"author":[{"embeddable":true,"href":"https:\/\/dailynewshungary.com\/it\/wp-json\/wp\/v2\/users\/2"}],"replies":[{"embeddable":true,"href":"https:\/\/dailynewshungary.com\/it\/wp-json\/wp\/v2\/comments?post=728149"}],"version-history":[{"count":0,"href":"https:\/\/dailynewshungary.com\/it\/wp-json\/wp\/v2\/posts\/728149\/revisions"}],"wp:featuredmedia":[{"embeddable":true,"href":"https:\/\/dailynewshungary.com\/it\/wp-json\/wp\/v2\/media\/728150"}],"wp:attachment":[{"href":"https:\/\/dailynewshungary.com\/it\/wp-json\/wp\/v2\/media?parent=728149"}],"wp:term":[{"taxonomy":"category","embeddable":true,"href":"https:\/\/dailynewshungary.com\/it\/wp-json\/wp\/v2\/categories?post=728149"},{"taxonomy":"post_tag","embeddable":true,"href":"https:\/\/dailynewshungary.com\/it\/wp-json\/wp\/v2\/tags?post=728149"}],"curies":[{"name":"wp","href":"https:\/\/api.w.org\/{rel}","templated":true}]}}