{"id":728447,"date":"2015-11-06T15:01:02","date_gmt":"2015-11-06T14:01:02","guid":{"rendered":"https:\/\/dailynewshungary.com\/it\/fidesz-chiede-al-governo-di-rivolgersi-alla-corte-di-giustizia-europea-per-il-sistema-delle-quote\/"},"modified":"2015-11-06T15:01:02","modified_gmt":"2015-11-06T14:01:02","slug":"fidesz-chiede-al-governo-di-rivolgersi-alla-corte-di-giustizia-europea-per-il-sistema-delle-quote","status":"publish","type":"post","link":"https:\/\/dailynewshungary.com\/it\/fidesz-chiede-al-governo-di-rivolgersi-alla-corte-di-giustizia-europea-per-il-sistema-delle-quote\/","title":{"rendered":"Fidesz chiede al governo di rivolgersi alla Corte di giustizia europea per il sistema delle quote"},"content":{"rendered":"<p><strong>Budapest, 6 novembre (MTI) Venerd\u00ec il partito Fidesz al potere presenter\u00e0 al parlamento un disegno di legge che, se approvato, obbligherebbe il governo a rivolgersi alla Corte di giustizia europea per il sistema di quote obbligatorie di migranti dell&#8217;Unione europea, Gergely Gulyas, il partito del partito vice capogruppo, ha detto.<\/strong><\/p>\n<p>Secondo il disegno di legge, il governo sarebbe tenuto a chiedere che la Corte di giustizia annulli la risoluzione sulla ridistribuzione di 120.000 richiedenti asilo tra gli Stati membri dell&#8217;UE. Lo schema vedrebbe una ridistribuzione iniziale di 66.000 richiedenti asilo provenienti da Italia e Grecia. Il Parlamento voter\u00e0 il disegno di legge all&#8217;inizio di dicembre, ha detto Gulyas.<\/p>\n<p>Gulyas ha ribadito la posizione del suo partito secondo cui il sistema \u00e8 \u201cinattuabile ma va anche contro il diritto dell&#8217;UE perch\u00e9 non \u00e8 stato adottato attraverso la procedura legislativa dell&#8217;UE, aggirando cos\u00ec la revoca dei parlamenti nazionali. Gulyas ha affermato che \u00e8 \u201covvia\u201d che l&#8217;approvazione della risoluzione sulle quote di migranti viola le leggi dell&#8217;UE relative al ruolo dei parlamenti nazionali.<\/p>\n<p>Gulyas ha osservato che l&#8217;Ungheria, come la Slovacchia, la Repubblica ceca e la Romania, hanno votato contro la proposta, mentre la Finlandia si \u00e8 astenuta.<\/p>\n<p>Janos Halasz, portavoce del gruppo parlamentare di Fidesz, ha detto che la risoluzione \u00e8 stata \u201cillegale, inutile e pericolosa\u201d Ha detto che \u00e8 illegale perch\u00e9 Bruxelles \u201c non ha il diritto di imporci una soluzione che non vogliamo\u201d e inutile perch\u00e9 servir\u00e0 da invito\u201d a milioni di persone in pi\u00f9 Halasz ha detto che la proposta \u00e8 un pericolo per l&#8217;identit\u00e0 \u201ccultural\u201d dell&#8217;Europa perch\u00e9 aumenterebbe la criminalit\u00e0 e la minaccia del terrorismo Ha chiesto ai partiti di opposizione di sostenere il disegno di legge pure.<\/p>\n<p>Venerd\u00ec Fidesz ha iniziato a raccogliere firme per la sua petizione contro il sistema delle quote a Pecs, nel sud dell&#8217;Ungheria.<\/p>\n<p><em>Foto: MTI<\/em><\/p>\n","protected":false},"excerpt":{"rendered":"<p>Budapest, 6 novembre (MTI) Venerd\u00ec il partito Fidesz al potere presenter\u00e0 al parlamento un disegno di legge che, se approvato, obbligherebbe il governo a rivolgersi alla Corte di giustizia europea per il sistema di quote obbligatorie di migranti dell&#8217;Unione europea, Gergely Gulyas, il partito del partito vice capogruppo, ha detto. Secondo il disegno di legge, [&hellip;]<\/p>\n","protected":false},"author":2,"featured_media":728448,"comment_status":"open","ping_status":"open","sticky":false,"template":"","format":"standard","meta":{"_display_image":"","footnotes":""},"categories":[1185],"tags":[1291,1075],"class_list":["post-728447","post","type-post","status-publish","format-standard","has-post-thumbnail","hentry","category-politica-in-ungheria","tag-migrazione","tag-unione-europea"],"blocksy_meta":[],"author_username":"alk","telegram_post":"","public_post_metadata":{"breaking_news":"","important":"","csempe":"","center_tile":"","disable_thumbnail":"","target_lang":"","_featured_image_style":"","telegram_post":"","_xlat_group_id":""},"public_rank_math_data":{"title":"%titolo% %sep% %nomesito%","description":"","focus_keyword":"","canonical_url":"","robots":"","primary_category":"1185","breadcrumb_title":"","facebook_title":"","facebook_description":"","facebook_image":"","facebook_image_id":"","twitter_title":"","twitter_description":"","twitter_image":"","twitter_image_id":"","twitter_card_type":"","twitter_use_facebook":"","advanced_robots":"","pillar_content":"","seo_score":"","contentai_score":"","rich_snippet":""},"_links":{"self":[{"href":"https:\/\/dailynewshungary.com\/it\/wp-json\/wp\/v2\/posts\/728447","targetHints":{"allow":["GET"]}}],"collection":[{"href":"https:\/\/dailynewshungary.com\/it\/wp-json\/wp\/v2\/posts"}],"about":[{"href":"https:\/\/dailynewshungary.com\/it\/wp-json\/wp\/v2\/types\/post"}],"author":[{"embeddable":true,"href":"https:\/\/dailynewshungary.com\/it\/wp-json\/wp\/v2\/users\/2"}],"replies":[{"embeddable":true,"href":"https:\/\/dailynewshungary.com\/it\/wp-json\/wp\/v2\/comments?post=728447"}],"version-history":[{"count":0,"href":"https:\/\/dailynewshungary.com\/it\/wp-json\/wp\/v2\/posts\/728447\/revisions"}],"wp:featuredmedia":[{"embeddable":true,"href":"https:\/\/dailynewshungary.com\/it\/wp-json\/wp\/v2\/media\/728448"}],"wp:attachment":[{"href":"https:\/\/dailynewshungary.com\/it\/wp-json\/wp\/v2\/media?parent=728447"}],"wp:term":[{"taxonomy":"category","embeddable":true,"href":"https:\/\/dailynewshungary.com\/it\/wp-json\/wp\/v2\/categories?post=728447"},{"taxonomy":"post_tag","embeddable":true,"href":"https:\/\/dailynewshungary.com\/it\/wp-json\/wp\/v2\/tags?post=728447"}],"curies":[{"name":"wp","href":"https:\/\/api.w.org\/{rel}","templated":true}]}}