{"id":728507,"date":"2015-11-04T16:20:23","date_gmt":"2015-11-04T15:20:23","guid":{"rendered":"https:\/\/dailynewshungary.com\/it\/kosa-fidesz-lancia-uniniziativa-distintiva-contro-la-quota-obbligatoria-di-migranti-dellue\/"},"modified":"2015-11-04T16:20:23","modified_gmt":"2015-11-04T15:20:23","slug":"kosa-fidesz-lancia-uniniziativa-distintiva-contro-la-quota-obbligatoria-di-migranti-dellue","status":"publish","type":"post","link":"https:\/\/dailynewshungary.com\/it\/kosa-fidesz-lancia-uniniziativa-distintiva-contro-la-quota-obbligatoria-di-migranti-dellue\/","title":{"rendered":"Kosa: Fidesz lancia un\u2019iniziativa distintiva contro la quota obbligatoria di migranti dell\u2019UE"},"content":{"rendered":"<p><strong>Budapest, 4 novembre (MTI) Il partito al potere Fidesz in Ungheria lancer\u00e0 una campagna di firme per raccogliere sostegno per la sua politica di opposizione alle quote obbligatorie di migranti dell&#8217;Unione Europea, ha detto mercoled\u00ec il leader del gruppo del partito in una conferenza stampa.<\/strong><\/p>\n<p>Lajos Kosa ha affermato che il sistema per ridistribuire i migranti tra gli Stati membri dell\u2019UE \u00e8 una \u201cinutile\u201d e aumenterebbe il rischio di terrorismo e criminalit\u00e0. Inoltre, ha insistito sul fatto che il sistema violava i trattati internazionali e non sarebbe una soluzione alla \u201c\u201d di invasione moderna.<\/p>\n<p>I principali paesi target dei migranti che entrano illegalmente in Europa sono Germania, Danimarca e Svezia, ha detto Kosa. \u201cQueste persone non possono essere tenute qui con la forza a meno che non le custodiamo in qualche modo.\u201d Altrimenti \u201ctrascureranno tutte le norme legali\u201d e torneranno nel paese desiderato, ha detto Kosa.<\/p>\n<p>A nessuno \u00e8 stato chiesto in Europa se sostiene l&#8217;insediamento obbligatorio dei migranti, ha detto, aggiungendo che l&#8217;Ungheria potrebbe aver accettato oltre 16.000 migranti 0,00, la dimensione di una citt\u00e0 come Szeged &amp; A, nei prossimi cinque anni.<\/p>\n<p>Le persone che concordano sul sistema delle quote non hanno una base giuridica e vanno contro gli interessi dell&#8217;Ungheria e all&#8217;UE verr\u00e0 chiesto di esprimere sostegno alla petizione di Fidesz, ha detto alla conferenza stampa l&#8217;eurodeputata del partito Ildiko Gall.<\/p>\n<p>La quota obbligatoria va anche contro la legge dell&#8217;UE perch\u00e9 obbliga i migranti a rimanere nel paese, limitando la loro libert\u00e0 di movimento, un diritto fondamentale dell&#8217;UE, ha detto Inoltre, il sistema delle quote sar\u00e0 visto come un invito a milioni di migranti in pi\u00f9, ha aggiunto.<\/p>\n<p>Il consiglio di Fidesz ha chiesto al gruppo parlamentare del partito di lanciare la raccolta di firme che dovr\u00e0 essere effettuata dagli attivisti nelle aree pubbliche e con visite a domicilio, inoltre \u00e8 previsto che le firme possano essere presentate su internet in seguito, ha detto Kosa Fidesz prevede di raggiungere quante pi\u00f9 persone possibile nel resto dell&#8217;anno, e le firme saranno inviate a Bruxelles, ha aggiunto.<\/p>\n<p>Fidesz vuole che il parlamento approvi una legislazione che imponga al governo di ricorrere contro la decisione dell&#8217;UE sulle quote presso la Corte europea Inoltre, \u00e8 prevista una maggiore legislazione per vietare al gabinetto di sistemare i migranti senza l&#8217;approvazione del parlamento, ha detto Kosa.<\/p>\n<p>Ha presentato la petizione denominata \u201cLet&#8217;s protect the country\u201d e il suo testo che dice: \u201cUnendosi a questa petizione, dici no anche alle quote di insediamento insensate e illegali\u201d.<\/p>\n<p><em>Foto: fidesz.hu<\/em><\/p>\n","protected":false},"excerpt":{"rendered":"<p>Budapest, 4 novembre (MTI) Il partito al potere Fidesz in Ungheria lancer\u00e0 una campagna di firme per raccogliere sostegno per la sua politica di opposizione alle quote obbligatorie di migranti dell&#8217;Unione Europea, ha detto mercoled\u00ec il leader del gruppo del partito in una conferenza stampa. Lajos Kosa ha affermato che il sistema per ridistribuire i [&hellip;]<\/p>\n","protected":false},"author":2,"featured_media":728508,"comment_status":"open","ping_status":"open","sticky":false,"template":"","format":"standard","meta":{"_display_image":"","footnotes":""},"categories":[1185],"tags":[1078,1291],"class_list":["post-728507","post","type-post","status-publish","format-standard","has-post-thumbnail","hentry","category-politica-in-ungheria","tag-fidesz","tag-migrazione"],"blocksy_meta":[],"author_username":"alk","telegram_post":"","public_post_metadata":{"breaking_news":"","important":"","csempe":"","center_tile":"","disable_thumbnail":"","target_lang":"","_featured_image_style":"","telegram_post":"","_xlat_group_id":""},"public_rank_math_data":{"title":"%titolo% %sep% %nomesito%","description":"","focus_keyword":"","canonical_url":"","robots":"","primary_category":"1185","breadcrumb_title":"","facebook_title":"","facebook_description":"","facebook_image":"","facebook_image_id":"","twitter_title":"","twitter_description":"","twitter_image":"","twitter_image_id":"","twitter_card_type":"","twitter_use_facebook":"","advanced_robots":"","pillar_content":"","seo_score":"","contentai_score":"","rich_snippet":""},"_links":{"self":[{"href":"https:\/\/dailynewshungary.com\/it\/wp-json\/wp\/v2\/posts\/728507","targetHints":{"allow":["GET"]}}],"collection":[{"href":"https:\/\/dailynewshungary.com\/it\/wp-json\/wp\/v2\/posts"}],"about":[{"href":"https:\/\/dailynewshungary.com\/it\/wp-json\/wp\/v2\/types\/post"}],"author":[{"embeddable":true,"href":"https:\/\/dailynewshungary.com\/it\/wp-json\/wp\/v2\/users\/2"}],"replies":[{"embeddable":true,"href":"https:\/\/dailynewshungary.com\/it\/wp-json\/wp\/v2\/comments?post=728507"}],"version-history":[{"count":0,"href":"https:\/\/dailynewshungary.com\/it\/wp-json\/wp\/v2\/posts\/728507\/revisions"}],"wp:featuredmedia":[{"embeddable":true,"href":"https:\/\/dailynewshungary.com\/it\/wp-json\/wp\/v2\/media\/728508"}],"wp:attachment":[{"href":"https:\/\/dailynewshungary.com\/it\/wp-json\/wp\/v2\/media?parent=728507"}],"wp:term":[{"taxonomy":"category","embeddable":true,"href":"https:\/\/dailynewshungary.com\/it\/wp-json\/wp\/v2\/categories?post=728507"},{"taxonomy":"post_tag","embeddable":true,"href":"https:\/\/dailynewshungary.com\/it\/wp-json\/wp\/v2\/tags?post=728507"}],"curies":[{"name":"wp","href":"https:\/\/api.w.org\/{rel}","templated":true}]}}