{"id":728543,"date":"2015-11-03T18:01:51","date_gmt":"2015-11-03T17:01:51","guid":{"rendered":"https:\/\/dailynewshungary.com\/it\/economista-ungherese-gli-usa-usano-i-migranti-come-arma-contro-leuropa\/"},"modified":"2015-11-03T18:01:51","modified_gmt":"2015-11-03T17:01:51","slug":"economista-ungherese-gli-usa-usano-i-migranti-come-arma-contro-leuropa","status":"publish","type":"post","link":"https:\/\/dailynewshungary.com\/it\/economista-ungherese-gli-usa-usano-i-migranti-come-arma-contro-leuropa\/","title":{"rendered":"Economista ungherese: Gli Usa usano i migranti come arma contro l\u2019Europa"},"content":{"rendered":"<p><strong>Gli Stati Uniti usano i migranti come arma contro l\u2019Europa perch\u00e9 hanno iniziato a rendersi conto che la loro base di potere in Europa sta svanendo a causa della recente istituzione dell\u2019organizzazione di cooperazione eurasiatica, ha affermato luned\u00ec l\u2019economista L\u00e1szl\u00f3 Bog\u00e1r su Channel M1.<\/strong><\/p>\n<p>Negli ultimi uno o due decenni, la cooperazione tra Europa, Russia e Cina ha iniziato a svilupparsi in modo reale e veloce, mostrando grandi promesse per il futuro poich\u00e9 questi paesi si completano a vicenda economicamente, socialmente e culturalmente. Di conseguenza, gli Stati Uniti sono diventati una\u201d\u201csuperflua e priva di significato per l\u2019Europa in molte aree, ha spiegato Bog\u00e1r.<\/p>\n<p>Questa situazione danneggia gli interessi dell\u2019America, quindi ha deciso che come ultima risorsa dispiega l\u2019arma etnica contro l\u2019Europa, ha aggiunto l\u2019economista.<\/p>\n<p><em>tradotto da unghereseambiance.com<\/em><\/p>\n","protected":false},"excerpt":{"rendered":"<p>Gli Stati Uniti usano i migranti come arma contro l\u2019Europa perch\u00e9 hanno iniziato a rendersi conto che la loro base di potere in Europa sta svanendo a causa della recente istituzione dell\u2019organizzazione di cooperazione eurasiatica, ha affermato luned\u00ec l\u2019economista L\u00e1szl\u00f3 Bog\u00e1r su Channel M1. Negli ultimi uno o due decenni, la cooperazione tra Europa, Russia [&hellip;]<\/p>\n","protected":false},"author":2,"featured_media":728544,"comment_status":"open","ping_status":"open","sticky":false,"template":"","format":"standard","meta":{"_display_image":"","footnotes":""},"categories":[1185],"tags":[1291,1111],"class_list":["post-728543","post","type-post","status-publish","format-standard","has-post-thumbnail","hentry","category-politica-in-ungheria","tag-migrazione","tag-stati-uniti"],"blocksy_meta":[],"author_username":"alk","telegram_post":"","public_post_metadata":{"breaking_news":"","important":"","csempe":"","center_tile":"","disable_thumbnail":"","target_lang":"","_featured_image_style":"","telegram_post":"","_xlat_group_id":""},"public_rank_math_data":{"title":"%titolo% %sep% %nomesito%","description":"","focus_keyword":"","canonical_url":"","robots":"","primary_category":"1185","breadcrumb_title":"","facebook_title":"","facebook_description":"","facebook_image":"","facebook_image_id":"","twitter_title":"","twitter_description":"","twitter_image":"","twitter_image_id":"","twitter_card_type":"","twitter_use_facebook":"","advanced_robots":"","pillar_content":"","seo_score":"","contentai_score":"","rich_snippet":""},"_links":{"self":[{"href":"https:\/\/dailynewshungary.com\/it\/wp-json\/wp\/v2\/posts\/728543","targetHints":{"allow":["GET"]}}],"collection":[{"href":"https:\/\/dailynewshungary.com\/it\/wp-json\/wp\/v2\/posts"}],"about":[{"href":"https:\/\/dailynewshungary.com\/it\/wp-json\/wp\/v2\/types\/post"}],"author":[{"embeddable":true,"href":"https:\/\/dailynewshungary.com\/it\/wp-json\/wp\/v2\/users\/2"}],"replies":[{"embeddable":true,"href":"https:\/\/dailynewshungary.com\/it\/wp-json\/wp\/v2\/comments?post=728543"}],"version-history":[{"count":0,"href":"https:\/\/dailynewshungary.com\/it\/wp-json\/wp\/v2\/posts\/728543\/revisions"}],"wp:featuredmedia":[{"embeddable":true,"href":"https:\/\/dailynewshungary.com\/it\/wp-json\/wp\/v2\/media\/728544"}],"wp:attachment":[{"href":"https:\/\/dailynewshungary.com\/it\/wp-json\/wp\/v2\/media?parent=728543"}],"wp:term":[{"taxonomy":"category","embeddable":true,"href":"https:\/\/dailynewshungary.com\/it\/wp-json\/wp\/v2\/categories?post=728543"},{"taxonomy":"post_tag","embeddable":true,"href":"https:\/\/dailynewshungary.com\/it\/wp-json\/wp\/v2\/tags?post=728543"}],"curies":[{"name":"wp","href":"https:\/\/api.w.org\/{rel}","templated":true}]}}