{"id":728549,"date":"2015-11-03T16:30:07","date_gmt":"2015-11-03T15:30:07","guid":{"rendered":"https:\/\/dailynewshungary.com\/it\/vona-jobbik-deve-mostrare-forza-e-credibilita-per-avere-successo-nel-2018\/"},"modified":"2015-11-03T16:30:07","modified_gmt":"2015-11-03T15:30:07","slug":"vona-jobbik-deve-mostrare-forza-e-credibilita-per-avere-successo-nel-2018","status":"publish","type":"post","link":"https:\/\/dailynewshungary.com\/it\/vona-jobbik-deve-mostrare-forza-e-credibilita-per-avere-successo-nel-2018\/","title":{"rendered":"Vona: Jobbik deve mostrare forza e credibilit\u00e0 per avere successo nel 2018"},"content":{"rendered":"<p><strong>Budapest, 3 novembre (MTI) 3 Il partito nazionalista radicale Jobbik deve dimostrare forza e credibilit\u00e0 per sconfiggere il partito al potere Fidesz nelle elezioni del 2018, ha detto marted\u00ec in conferenza stampa il leader del partito Gabor Vona.<\/strong><\/p>\n<p>Vona ha detto che il suo partito \u00e8 arrivato a \u201ca lunga strada\u201d sin dai tempi di un&#8217;organizzazione giovanile universitaria per evolversi in un partito attaccato da tutte le parti\u201d e \u201cl&#8217;unico vero sfidante di Fidesz\u201d.<\/p>\n<p>Jobbik oggi non \u00e8 pi\u00f9 un partito di nicchia, ha detto Vona, aggiungendo che ha una base elettorale stabile ed \u00e8 riuscito a diventare un partito popolare.<\/p>\n<p>Ha detto che sempre pi\u00f9 intellettuali, artisti, atleti e accademici si schierano con Jobbik, il che, ha detto, sarebbe cruciale in termini di capacit\u00e0 di governare, ha aggiunto, tuttavia, che molte persone in Ungheria hanno ancora paura di sostenere pubblicamente il suo partito.<\/p>\n<p>Vona ha tracciato una linea tra quelli che ha chiamato partiti\u201d del XX secolo e del XXI secolo, collocando Fidesz e i socialisti nella prima categoria e Jobbik e l&#8217;opposizione verde LMP nella seconda. Vona ha detto che le differenze tra le due categorie sono pi\u00f9 che semplici generazionali, aggiungendo che le differenze possono essere trovate anche negli atteggiamenti\u201cpolitici\u201d dei partiti nei due gruppi. Ha detto che Fidesz al potere e i socialisti hanno creato una \u201cinutile divide\u201d tra gli elettori, che secondo lui deve essere colmata affinch\u00e9 l&#8217;Ungheria abbia successo.<\/p>\n<p>Vona ha sottolineato la necessit\u00e0 di istituire un centro politico, che secondo lui dovrebbe rappresentare la politica \u201cmoderna, conservatrice e popolare\u201d. Ha aggiunto, tuttavia, che ci\u00f2 non significa che Jobbik si stia muovendo verso il centro, ma significa invece che la societ\u00e0 si sta avvicinando a Jobbik.<\/p>\n<p>\u201cLa politica di sinistra-destra si fa con, in quanto non c&#8217;\u00e8 pi\u00f9 alcun significato dietro di essa,\u201d Vona ha detto.<\/p>\n<p>Citando la crisi dei migranti come esempio, Vona ha affermato che le idee \u201c di Jobbik si sono dimostrate capaci di salvare il paese\u201d.<\/p>\n<p>Vona ha detto che una delle aree principali in cui il suo partito deve dimostrare credibilit\u00e0 \u00e8 la lotta alla corruzione, che secondo lui \u00e8 una delle questioni di \u201cpi\u00f9 scomode\u201d per il governo.<\/p>\n<p>Riferendosi all&#8217;eurodeputato Jobbik Bela Kovacs, la cui immunit\u00e0 \u00e8 stata sospesa il mese scorso perch\u00e9 sospettato di aver spiato contro le istituzioni dell&#8217;UE, Vona ha affermato che quando il caso \u201c dell&#8217;eurodeputato diventa il pi\u00f9 grande scandalo di corruzione in Europa, allora sai che la gente l&#8217;ha perso.<\/p>\n<p><em>Foto: MTI<\/em><\/p>\n","protected":false},"excerpt":{"rendered":"<p>Budapest, 3 novembre (MTI) 3 Il partito nazionalista radicale Jobbik deve dimostrare forza e credibilit\u00e0 per sconfiggere il partito al potere Fidesz nelle elezioni del 2018, ha detto marted\u00ec in conferenza stampa il leader del partito Gabor Vona. Vona ha detto che il suo partito \u00e8 arrivato a \u201ca lunga strada\u201d sin dai tempi di [&hellip;]<\/p>\n","protected":false},"author":2,"featured_media":728550,"comment_status":"open","ping_status":"open","sticky":false,"template":"","format":"standard","meta":{"_display_image":"","footnotes":""},"categories":[1185],"tags":[1412],"class_list":["post-728549","post","type-post","status-publish","format-standard","has-post-thumbnail","hentry","category-politica-in-ungheria","tag-jobbik"],"blocksy_meta":[],"author_username":"alk","telegram_post":"","public_post_metadata":{"breaking_news":"","important":"","csempe":"","center_tile":"","disable_thumbnail":"","target_lang":"","_featured_image_style":"","telegram_post":"","_xlat_group_id":""},"public_rank_math_data":{"title":"%titolo% %sep% %nomesito%","description":"","focus_keyword":"","canonical_url":"","robots":"","primary_category":"1185","breadcrumb_title":"","facebook_title":"","facebook_description":"","facebook_image":"","facebook_image_id":"","twitter_title":"","twitter_description":"","twitter_image":"","twitter_image_id":"","twitter_card_type":"","twitter_use_facebook":"","advanced_robots":"","pillar_content":"","seo_score":"","contentai_score":"","rich_snippet":""},"_links":{"self":[{"href":"https:\/\/dailynewshungary.com\/it\/wp-json\/wp\/v2\/posts\/728549","targetHints":{"allow":["GET"]}}],"collection":[{"href":"https:\/\/dailynewshungary.com\/it\/wp-json\/wp\/v2\/posts"}],"about":[{"href":"https:\/\/dailynewshungary.com\/it\/wp-json\/wp\/v2\/types\/post"}],"author":[{"embeddable":true,"href":"https:\/\/dailynewshungary.com\/it\/wp-json\/wp\/v2\/users\/2"}],"replies":[{"embeddable":true,"href":"https:\/\/dailynewshungary.com\/it\/wp-json\/wp\/v2\/comments?post=728549"}],"version-history":[{"count":0,"href":"https:\/\/dailynewshungary.com\/it\/wp-json\/wp\/v2\/posts\/728549\/revisions"}],"wp:featuredmedia":[{"embeddable":true,"href":"https:\/\/dailynewshungary.com\/it\/wp-json\/wp\/v2\/media\/728550"}],"wp:attachment":[{"href":"https:\/\/dailynewshungary.com\/it\/wp-json\/wp\/v2\/media?parent=728549"}],"wp:term":[{"taxonomy":"category","embeddable":true,"href":"https:\/\/dailynewshungary.com\/it\/wp-json\/wp\/v2\/categories?post=728549"},{"taxonomy":"post_tag","embeddable":true,"href":"https:\/\/dailynewshungary.com\/it\/wp-json\/wp\/v2\/tags?post=728549"}],"curies":[{"name":"wp","href":"https:\/\/api.w.org\/{rel}","templated":true}]}}