{"id":728645,"date":"2015-10-31T15:04:48","date_gmt":"2015-10-31T14:04:48","guid":{"rendered":"https:\/\/dailynewshungary.com\/it\/europa-re-senza-difesa-se-non-riesce-a-proteggere-i-confini-meridionali-della-grecia-afferma-szijjarto-ad-atene\/"},"modified":"2015-10-31T15:04:48","modified_gmt":"2015-10-31T14:04:48","slug":"europa-re-senza-difesa-se-non-riesce-a-proteggere-i-confini-meridionali-della-grecia-afferma-szijjarto-ad-atene","status":"publish","type":"post","link":"https:\/\/dailynewshungary.com\/it\/europa-re-senza-difesa-se-non-riesce-a-proteggere-i-confini-meridionali-della-grecia-afferma-szijjarto-ad-atene\/","title":{"rendered":"Europa \u201cre\u201d senza difesa se non riesce a proteggere i confini meridionali della Grecia, afferma Szijjarto ad Atene"},"content":{"rendered":"<p><strong>Atene, 3 ottobre (MTI) 3 Finch\u00e9 l&#8217;Europa non riuscir\u00e0 a proteggere i confini meridionali della Grecia, sar\u00e0 una\u201d senza difese contro i migranti, ha detto venerd\u00ec il ministro degli Esteri ungherese dopo i colloqui con il suo omologo greco ad Atene.<\/strong><\/p>\n<p>Peter Szijjarto ha detto telefonicamente a MTI che i migranti continuano ad attraversare i confini della Grecia, il che rende indifesa tutta l&#8217;Europa. Il ministro ha affermato che questo rappresenta un grave rischio per la sicurezza dell&#8217;UE e dell&#8217;Ungheria, poich\u00e9 nessuno sa chi siano le persone che entrano nelle aree interne dell&#8217;Europa, da dove provengono&#8230; o per quale scopo sono venuti.\u201d<\/p>\n<p>Szijjarto ha affermato che lui e Nikos Kotzias concordano sul fatto che la crisi dei migranti \u00e8 una sfida complessa per l\u2019Europa e che richiede una soluzione complessa per l\u2019Europa. Ci\u00f2 significa che il problema deve essere affrontato alla radice, il che significa che \u00e8 necessario stabilire la pace in Siria e che la situazione politica deve essere stabilizzata in Libia, ha detto Szijjarto.<\/p>\n<p>Ha detto che hanno anche concordato che l&#8217;UE deve fornire aiuti ai campi profughi in Giordania, Libano, Turchia e nella regione del Kurdistan nel nord dell&#8217;Iraq.<\/p>\n<p>Szijjarto ha affermato che anche i politici\u201cWestern\u201d devono smettere di fare osservazioni secondo cui le persone\u201cche desiderano migrare in Europa potrebbero interpretarle come invito\u201d.<\/p>\n<p>Il ministro ha ribadito la posizione dell&#8217;Ungheria secondo cui una soluzione \u201ccomplessa\u201d \u00e8 possibile solo se prima la frontiera esterna dell&#8217;UE viene protetta in Grecia, aggiungendo tuttavia che la Grecia \u00e8 \u201cnon disposta a consentire alle forze internazionali di entrare nel proprio territorio\u201d Ha affermato che i quattro paesi di Visegrad hanno dimostrato che \u00e8 possibile preservare la sovranit\u00e0 nazionale proteggendo i propri confini attraverso la cooperazione internazionale.<\/p>\n<p>I ministri hanno concordato di incontrarsi nuovamente alla riunione dei ministri degli Esteri europei e asiatici della prossima settimana a Lussemburgo, e di continuare la discussione sulle questioni energetiche, Szijjarto ha affermato che l&#8217;approvvigionamento di gas dell&#8217;Europa centrale non \u00e8 sicuro dopo che l&#8217;UE e gli Stati Uniti hanno abbandonato i piani per il gasdotto South Stream e hanno concordato di espandere il gasdotto Nord Stream Se la Russia decidesse mai di interrompere la fornitura di gas all&#8217;Europa attraverso l&#8217;Ucraina, l&#8217;Ungheria dovr\u00e0 trovare nuove rotte di approvvigionamento, ha detto Szijjarto.<\/p>\n<p><em>Foto: MTI<\/em><\/p>\n","protected":false},"excerpt":{"rendered":"<p>Atene, 3 ottobre (MTI) 3 Finch\u00e9 l&#8217;Europa non riuscir\u00e0 a proteggere i confini meridionali della Grecia, sar\u00e0 una\u201d senza difese contro i migranti, ha detto venerd\u00ec il ministro degli Esteri ungherese dopo i colloqui con il suo omologo greco ad Atene. Peter Szijjarto ha detto telefonicamente a MTI che i migranti continuano ad attraversare i [&hellip;]<\/p>\n","protected":false},"author":2,"featured_media":728646,"comment_status":"open","ping_status":"open","sticky":false,"template":"","format":"standard","meta":{"_display_image":"","footnotes":""},"categories":[1185],"tags":[1291,1092,1075],"class_list":["post-728645","post","type-post","status-publish","format-standard","has-post-thumbnail","hentry","category-politica-in-ungheria","tag-migrazione","tag-ministero-degli-affari-esteri-dellungheria","tag-unione-europea"],"blocksy_meta":[],"author_username":"alk","telegram_post":"","public_post_metadata":{"breaking_news":"","important":"","csempe":"","center_tile":"","disable_thumbnail":"","target_lang":"","_featured_image_style":"","telegram_post":"","_xlat_group_id":""},"public_rank_math_data":{"title":"%titolo% %sep% %nomesito%","description":"","focus_keyword":"","canonical_url":"","robots":"","primary_category":"1185","breadcrumb_title":"","facebook_title":"","facebook_description":"","facebook_image":"","facebook_image_id":"","twitter_title":"","twitter_description":"","twitter_image":"","twitter_image_id":"","twitter_card_type":"","twitter_use_facebook":"","advanced_robots":"","pillar_content":"","seo_score":"","contentai_score":"","rich_snippet":""},"_links":{"self":[{"href":"https:\/\/dailynewshungary.com\/it\/wp-json\/wp\/v2\/posts\/728645","targetHints":{"allow":["GET"]}}],"collection":[{"href":"https:\/\/dailynewshungary.com\/it\/wp-json\/wp\/v2\/posts"}],"about":[{"href":"https:\/\/dailynewshungary.com\/it\/wp-json\/wp\/v2\/types\/post"}],"author":[{"embeddable":true,"href":"https:\/\/dailynewshungary.com\/it\/wp-json\/wp\/v2\/users\/2"}],"replies":[{"embeddable":true,"href":"https:\/\/dailynewshungary.com\/it\/wp-json\/wp\/v2\/comments?post=728645"}],"version-history":[{"count":0,"href":"https:\/\/dailynewshungary.com\/it\/wp-json\/wp\/v2\/posts\/728645\/revisions"}],"wp:featuredmedia":[{"embeddable":true,"href":"https:\/\/dailynewshungary.com\/it\/wp-json\/wp\/v2\/media\/728646"}],"wp:attachment":[{"href":"https:\/\/dailynewshungary.com\/it\/wp-json\/wp\/v2\/media?parent=728645"}],"wp:term":[{"taxonomy":"category","embeddable":true,"href":"https:\/\/dailynewshungary.com\/it\/wp-json\/wp\/v2\/categories?post=728645"},{"taxonomy":"post_tag","embeddable":true,"href":"https:\/\/dailynewshungary.com\/it\/wp-json\/wp\/v2\/tags?post=728645"}],"curies":[{"name":"wp","href":"https:\/\/api.w.org\/{rel}","templated":true}]}}