{"id":728659,"date":"2015-10-30T20:32:11","date_gmt":"2015-10-30T19:32:11","guid":{"rendered":"https:\/\/dailynewshungary.com\/it\/orban-europa-obiettivo-della-cospirazione-di-sinistra-aggiornamento\/"},"modified":"2015-10-30T20:32:11","modified_gmt":"2015-10-30T19:32:11","slug":"orban-europa-obiettivo-della-cospirazione-di-sinistra-aggiornamento","status":"publish","type":"post","link":"https:\/\/dailynewshungary.com\/it\/orban-europa-obiettivo-della-cospirazione-di-sinistra-aggiornamento\/","title":{"rendered":"Orban: Europa obiettivo della cospirazione di sinistra AGGIORNAMENTO"},"content":{"rendered":"<p><strong>Budapest, 3 ottobre (MTI) L&#8217;Europa deve essere difesa o sar\u00e0 vittima di una cospirazione e portata via dai cittadini che ora la abitano, ha detto venerd\u00ec il primo ministro Viktor Orban in una conferenza di intellettuali e scienziati cristiani a Budapest.<\/strong><\/p>\n<p>Commentando il documento programmatico \u201cThe Signs of the Times\u201d, presentato per il dibattito alla conferenza, Orban ha detto che se non si far\u00e0 qualcosa, l&#8217;Europa verr\u00e0 conquistata e in futuro realizzer\u00e0 i sogni di pochi attivisti in grande movimento. leader per i quali nessuno ha votato e che pensano oltre gli stati nazionali\u201d.<\/p>\n<p>Orban ha affermato che non \u00e8 stata una certa sicurezza il fatto che i migranti vengano trasportati quotidianamente a migliaia in Europa in modo organizzato, il che significa che sullo sfondo c\u2019\u00e8 stato uno sforzo consapevole di sinistra per sospendere l\u2019idea degli stati nazionali in Europa.<\/p>\n<p>\u201cQuesta cospirazione, questo tradimento \u00e8 ci\u00f2 che ci troviamo di fronte e contro di essa dobbiamo rivolgerci alla democrazia, al popolo, ha detto\u201d Orban, Una discussione deve essere avviata in Europa con l&#8217;obiettivo di uscirne meglio, come Europa forte e cristiana, ha aggiunto.<\/p>\n<p>Il nazionalista radicale Jobbik ha risposto dicendo che Orban \u201c non ha credibilit\u00e0\u201d quando ha detto che si rivolger\u00e0 alla democrazia e alle persone in relazione alla crisi dei migranti.<\/p>\n<p>\u201cSe Orban fosse davvero serio nel proteggere un&#8217;Europa degli stati nazionali, eserciterebbe tutti gli sforzi per sostenere un referendum europeo invece di un dibattito europeo su questo tema, ha detto il partito. \u201cMa la sentenza Fidesz ha disabilitato questa istituzione democratica diretta in Ungheria, ha detto in una nota il\u201d Jobbik.<\/p>\n<p>Il partito di opposizione Egyutt ha affermato che Orban non solo ha avanzato \u201ca nonsense complottist theory\u201d, ma ha anche detto \u201cto\u201d, perch\u00e9, hanno detto, i passi politici che ha intrapreso non hanno risolto la crisi dei migranti.<\/p>\n<p>\u201cOrban non ha risolto nulla, ha solo trasferito il compito e la responsabilit\u00e0 di risolvere il problema comune sugli altri attraverso le sue politiche disumane e codardi, ha detto il partito in una nota.<\/p>\n<p>Egyutt ha affermato che il governo ungherese deve accettare il sistema di quote di Bruxelles e progettare una nuova politica migratoria per alleviare i problemi della forza lavoro ungherese causati dall&#8217;avvicinarsi della crisi demografica.<\/p>\n<p><em>Foto: MTI<\/em><\/p>\n","protected":false},"excerpt":{"rendered":"<p>Budapest, 3 ottobre (MTI) L&#8217;Europa deve essere difesa o sar\u00e0 vittima di una cospirazione e portata via dai cittadini che ora la abitano, ha detto venerd\u00ec il primo ministro Viktor Orban in una conferenza di intellettuali e scienziati cristiani a Budapest. Commentando il documento programmatico \u201cThe Signs of the Times\u201d, presentato per il dibattito alla [&hellip;]<\/p>\n","protected":false},"author":2,"featured_media":728660,"comment_status":"open","ping_status":"open","sticky":false,"template":"","format":"standard","meta":{"_display_image":"","footnotes":""},"categories":[1185],"tags":[1083],"class_list":["post-728659","post","type-post","status-publish","format-standard","has-post-thumbnail","hentry","category-politica-in-ungheria","tag-viktor-orban"],"blocksy_meta":[],"author_username":"alk","telegram_post":"","public_post_metadata":{"breaking_news":"","important":"","csempe":"","center_tile":"","disable_thumbnail":"","target_lang":"","_featured_image_style":"","telegram_post":"","_xlat_group_id":""},"public_rank_math_data":{"title":"%titolo% %sep% %nomesito%","description":"","focus_keyword":"","canonical_url":"","robots":"","primary_category":"1185","breadcrumb_title":"","facebook_title":"","facebook_description":"","facebook_image":"","facebook_image_id":"","twitter_title":"","twitter_description":"","twitter_image":"","twitter_image_id":"","twitter_card_type":"","twitter_use_facebook":"","advanced_robots":"","pillar_content":"","seo_score":"","contentai_score":"","rich_snippet":""},"_links":{"self":[{"href":"https:\/\/dailynewshungary.com\/it\/wp-json\/wp\/v2\/posts\/728659","targetHints":{"allow":["GET"]}}],"collection":[{"href":"https:\/\/dailynewshungary.com\/it\/wp-json\/wp\/v2\/posts"}],"about":[{"href":"https:\/\/dailynewshungary.com\/it\/wp-json\/wp\/v2\/types\/post"}],"author":[{"embeddable":true,"href":"https:\/\/dailynewshungary.com\/it\/wp-json\/wp\/v2\/users\/2"}],"replies":[{"embeddable":true,"href":"https:\/\/dailynewshungary.com\/it\/wp-json\/wp\/v2\/comments?post=728659"}],"version-history":[{"count":0,"href":"https:\/\/dailynewshungary.com\/it\/wp-json\/wp\/v2\/posts\/728659\/revisions"}],"wp:featuredmedia":[{"embeddable":true,"href":"https:\/\/dailynewshungary.com\/it\/wp-json\/wp\/v2\/media\/728660"}],"wp:attachment":[{"href":"https:\/\/dailynewshungary.com\/it\/wp-json\/wp\/v2\/media?parent=728659"}],"wp:term":[{"taxonomy":"category","embeddable":true,"href":"https:\/\/dailynewshungary.com\/it\/wp-json\/wp\/v2\/categories?post=728659"},{"taxonomy":"post_tag","embeddable":true,"href":"https:\/\/dailynewshungary.com\/it\/wp-json\/wp\/v2\/tags?post=728659"}],"curies":[{"name":"wp","href":"https:\/\/api.w.org\/{rel}","templated":true}]}}