{"id":728675,"date":"2015-10-30T15:25:08","date_gmt":"2015-10-30T14:25:08","guid":{"rendered":"https:\/\/dailynewshungary.com\/it\/orban-in-unintervista-radiofonica-le-persone-realizzano-il-rischio-migratorio-per-lidentita-europea\/"},"modified":"2015-10-30T15:25:08","modified_gmt":"2015-10-30T14:25:08","slug":"orban-in-unintervista-radiofonica-le-persone-realizzano-il-rischio-migratorio-per-lidentita-europea","status":"publish","type":"post","link":"https:\/\/dailynewshungary.com\/it\/orban-in-unintervista-radiofonica-le-persone-realizzano-il-rischio-migratorio-per-lidentita-europea\/","title":{"rendered":"Orban in un\u2019intervista radiofonica: le persone realizzano il rischio migratorio per l\u2019identit\u00e0 europea"},"content":{"rendered":"<p><strong>Budapest, 3 ottobre (MTI) 3 I popoli d&#8217;Europa stanno iniziando a risvegliarsi e rendersi conto che la migrazione \u00e8 una questione culturale e la nostra identit\u00e0 \u00e8 a rischio\u201d, ha detto venerd\u00ec il primo ministro Viktor Orban in un&#8217;intervista radiofonica.<\/strong><\/p>\n<p>Non ci si pu\u00f2 aspettare alcuna soluzione da Bruxelles e gli stati nazionali devono risolvere questo problema, come ha fatto l&#8217;Ungheria, ha detto Orban alla radio pubblica Kossuth.<\/p>\n<p>Ha detto che i piani dell&#8217;Unione Europea su un sistema di quote per la distribuzione dei migranti si sono evoluti in una rotta di pericolo ancora maggiore perch\u00e9 il sistema di distribuzione \u00e8 ora destinato a diventare un meccanismo permanente.<\/p>\n<p>\u201cDisapproviamo completamente questa\u201d, ha detto Orban, aggiungendo che l&#8217;adesione all&#8217;UE non significa che un altro partito possa decidere contro la volont\u00e0 dell&#8217;Ungheria di accettare immigrati. \u201cNon c&#8217;\u00e8 stato alcun voto su questo che lo sostenga, quindi gli eventi di oggi mancano di una base democratica, ha detto. \u201cCi stiamo muovendo verso l&#8217;anarchia, ha aggiunto\u201d.<\/p>\n<p>La crescente minaccia del terrorismo \u00e8 uno dei pericoli comuni che l\u2019Europa deve affrontare, ha detto Orban. \u201cAnche un terrorista \u00e8 uno di troppo, ha detto\u201d, aggiungendo che il pericolo \u00e8 che l\u2019Europa inviti i conflitti interni specifici del Medio Oriente\u201d nell\u2019UE.<\/p>\n<p>Per quanto riguarda i migranti in attesa di deportazione in altri paesi dell&#8217;UE, Orban ha detto che l&#8217;Ungheria non li riprender\u00e0. \u201cLe regole non dicono che devono essere restituiti al paese in cui sono stati registrati, le regole dicono che devono essere riportati nel paese in cui sono entrati per la prima volta nell&#8217;UE, ha detto\u201cQuesto paese \u00e8 la Grecia, che, tra l&#8217;altro, \u00e8 la chiave dell&#8217;intero problema, ha detto\u201d Orban, aggiungendo che la Grecia non sta adempiendo ai suoi doveri di protezione dei suoi confini meridionali.<\/p>\n<p>La migrazione di massa, che Orban chiamava \u201cinvasione\u201d, \u00e8 alimentata dagli interessi commerciali dei trafficanti di esseri umani e da attivisti che sostengono tutto ci\u00f2 che indebolisce gli stati nazionali, ha detto\u201d Orban, aggiungendo che questo tipo di \u201c\u201d di pensiero occidentale \u00e8 meglio rappresentata da [uomo d&#8217;affari statunitense di origine ungherese] George Soros.<\/p>\n<p>Orban ha detto che c&#8217;\u00e8 stata una tale pressione sulle persone in Europa quando vogliono dire la loro opinione che i politici avevano paura di sostenere concetti alternativi. \u201cLa parola recinzione non pu\u00f2 nemmeno essere pronunciata, ha detto\u201d.<\/p>\n<p>In risposta alle critiche espresse dall&#8217;ambasciatrice statunitense Colleen Bell alla sua recente conferenza alla Corvinus University, Orban ha affermato che ci\u00f2 equivale a \u201cunconcealed national or commonwealth interests\u201d Gli Stati Uniti non sostengono le politiche di immigrazione dell&#8217;Ungheria, perch\u00e9 non sono contro gli interessi degli Stati Uniti se milioni di immigrati arrivano in Europa da regioni devastate dalla guerra. \u201cMa vorrei vedere se qualcuno che cerca di entrare negli Stati Uniti senza visto lo renderebbe vivo, ha detto\u201d Orban.<\/p>\n<p>In tema di economia nazionale, Orban ha detto che le riforme ungheresi stanno funzionando e che c&#8217;erano pi\u00f9 persone occupate che mai negli ultimi 25 anni, ma vuole aumentare ulteriormente i posti di lavoro, di circa mezzo milione nei prossimi anni Ha detto che per raggiungere questo obiettivo la burocrazia sarebbe stata tagliata per le piccole e medie imprese (PMI), i salari aumentati e pi\u00f9 case costruite.<\/p>\n<p>Ha detto che la \u201cland issu\u201d \u00e8 una questione di sovranit\u00e0 e le regole sulla vendita dei terreni statali sono chiare: non pi\u00f9 di 300 ettari a un agricoltore Ha detto che l&#8217;obiettivo \u00e8 che la terra ungherese dovrebbe essere nelle mani dei contadini e non degli stranieri.<\/p>\n<p><em>Foto: MTI<\/em><\/p>\n","protected":false},"excerpt":{"rendered":"<p>Budapest, 3 ottobre (MTI) 3 I popoli d&#8217;Europa stanno iniziando a risvegliarsi e rendersi conto che la migrazione \u00e8 una questione culturale e la nostra identit\u00e0 \u00e8 a rischio\u201d, ha detto venerd\u00ec il primo ministro Viktor Orban in un&#8217;intervista radiofonica. Non ci si pu\u00f2 aspettare alcuna soluzione da Bruxelles e gli stati nazionali devono risolvere [&hellip;]<\/p>\n","protected":false},"author":2,"featured_media":728676,"comment_status":"open","ping_status":"open","sticky":false,"template":"","format":"standard","meta":{"_display_image":"","footnotes":""},"categories":[1185],"tags":[1083],"class_list":["post-728675","post","type-post","status-publish","format-standard","has-post-thumbnail","hentry","category-politica-in-ungheria","tag-viktor-orban"],"blocksy_meta":[],"author_username":"alk","telegram_post":"","public_post_metadata":{"breaking_news":"","important":"","csempe":"","center_tile":"","disable_thumbnail":"","target_lang":"","_featured_image_style":"","telegram_post":"","_xlat_group_id":""},"public_rank_math_data":{"title":"%titolo% %sep% %nomesito%","description":"","focus_keyword":"","canonical_url":"","robots":"","primary_category":"1185","breadcrumb_title":"","facebook_title":"","facebook_description":"","facebook_image":"","facebook_image_id":"","twitter_title":"","twitter_description":"","twitter_image":"","twitter_image_id":"","twitter_card_type":"","twitter_use_facebook":"","advanced_robots":"","pillar_content":"","seo_score":"","contentai_score":"","rich_snippet":""},"_links":{"self":[{"href":"https:\/\/dailynewshungary.com\/it\/wp-json\/wp\/v2\/posts\/728675","targetHints":{"allow":["GET"]}}],"collection":[{"href":"https:\/\/dailynewshungary.com\/it\/wp-json\/wp\/v2\/posts"}],"about":[{"href":"https:\/\/dailynewshungary.com\/it\/wp-json\/wp\/v2\/types\/post"}],"author":[{"embeddable":true,"href":"https:\/\/dailynewshungary.com\/it\/wp-json\/wp\/v2\/users\/2"}],"replies":[{"embeddable":true,"href":"https:\/\/dailynewshungary.com\/it\/wp-json\/wp\/v2\/comments?post=728675"}],"version-history":[{"count":0,"href":"https:\/\/dailynewshungary.com\/it\/wp-json\/wp\/v2\/posts\/728675\/revisions"}],"wp:featuredmedia":[{"embeddable":true,"href":"https:\/\/dailynewshungary.com\/it\/wp-json\/wp\/v2\/media\/728676"}],"wp:attachment":[{"href":"https:\/\/dailynewshungary.com\/it\/wp-json\/wp\/v2\/media?parent=728675"}],"wp:term":[{"taxonomy":"category","embeddable":true,"href":"https:\/\/dailynewshungary.com\/it\/wp-json\/wp\/v2\/categories?post=728675"},{"taxonomy":"post_tag","embeddable":true,"href":"https:\/\/dailynewshungary.com\/it\/wp-json\/wp\/v2\/tags?post=728675"}],"curies":[{"name":"wp","href":"https:\/\/api.w.org\/{rel}","templated":true}]}}