{"id":728689,"date":"2015-10-29T22:18:36","date_gmt":"2015-10-29T21:18:36","guid":{"rendered":"https:\/\/dailynewshungary.com\/it\/pietra-angolare-posata-per-il-campus-universitario-economico-a-kecskemet\/"},"modified":"2015-10-29T22:18:36","modified_gmt":"2015-10-29T21:18:36","slug":"pietra-angolare-posata-per-il-campus-universitario-economico-a-kecskemet","status":"publish","type":"post","link":"https:\/\/dailynewshungary.com\/it\/pietra-angolare-posata-per-il-campus-universitario-economico-a-kecskemet\/","title":{"rendered":"Pietra angolare posata per il campus universitario economico a Kecskemet"},"content":{"rendered":"<p><strong>Budapest, 9 ottobre (MTI) 2 Risorse umane Il ministro Zoltan Balog e il governatore della banca centrale Gyorgy Matolcsy hanno posto gioved\u00ec la prima pietra per un nuovo campus universitario economico a Kecskemet, nell&#8217;Ungheria centrale.<\/strong><\/p>\n<p>Balog ha detto che il nuovo campus servir\u00e0 l&#8217;economia ungherese e la strategia nazionale I college di Kecskemet e Szolnok saranno fusi per creare una nuova universit\u00e0 per la regione, ha aggiunto.<\/p>\n<p>Il nuovo dipartimento di economia del college di Kecskemet consentir\u00e0 agli studenti di proseguire gli studi in economia e management a partire da settembre 2016, ha affermato.<\/p>\n<p>Matolcsy ha detto che la prima universit\u00e0 ungherese \u00e8 stata costruita 700 anni fa e ha detto che una volta completato il campus, Kecskemet rappresenter\u00e0 un collegamento tra un polo produttivo e una citt\u00e0 universitaria.<\/p>\n<p><em>Foto: MTI<\/em><\/p>\n","protected":false},"excerpt":{"rendered":"<p>Budapest, 9 ottobre (MTI) 2 Risorse umane Il ministro Zoltan Balog e il governatore della banca centrale Gyorgy Matolcsy hanno posto gioved\u00ec la prima pietra per un nuovo campus universitario economico a Kecskemet, nell&#8217;Ungheria centrale. Balog ha detto che il nuovo campus servir\u00e0 l&#8217;economia ungherese e la strategia nazionale I college di Kecskemet e Szolnok [&hellip;]<\/p>\n","protected":false},"author":2,"featured_media":728690,"comment_status":"open","ping_status":"open","sticky":false,"template":"","format":"standard","meta":{"_display_image":"","footnotes":""},"categories":[1304],"tags":[1835],"class_list":["post-728689","post","type-post","status-publish","format-standard","has-post-thumbnail","hentry","category-cultura-in-ungheria","tag-educazione"],"blocksy_meta":[],"author_username":"alk","telegram_post":"","public_post_metadata":{"breaking_news":"","important":"","csempe":"","center_tile":"","disable_thumbnail":"","target_lang":"","_featured_image_style":"","telegram_post":"","_xlat_group_id":""},"public_rank_math_data":{"title":"%titolo% %sep% %nomesito%","description":"","focus_keyword":"","canonical_url":"","robots":"","primary_category":"1304","breadcrumb_title":"","facebook_title":"","facebook_description":"","facebook_image":"","facebook_image_id":"","twitter_title":"","twitter_description":"","twitter_image":"","twitter_image_id":"","twitter_card_type":"","twitter_use_facebook":"","advanced_robots":"","pillar_content":"","seo_score":"","contentai_score":"","rich_snippet":""},"_links":{"self":[{"href":"https:\/\/dailynewshungary.com\/it\/wp-json\/wp\/v2\/posts\/728689","targetHints":{"allow":["GET"]}}],"collection":[{"href":"https:\/\/dailynewshungary.com\/it\/wp-json\/wp\/v2\/posts"}],"about":[{"href":"https:\/\/dailynewshungary.com\/it\/wp-json\/wp\/v2\/types\/post"}],"author":[{"embeddable":true,"href":"https:\/\/dailynewshungary.com\/it\/wp-json\/wp\/v2\/users\/2"}],"replies":[{"embeddable":true,"href":"https:\/\/dailynewshungary.com\/it\/wp-json\/wp\/v2\/comments?post=728689"}],"version-history":[{"count":0,"href":"https:\/\/dailynewshungary.com\/it\/wp-json\/wp\/v2\/posts\/728689\/revisions"}],"wp:featuredmedia":[{"embeddable":true,"href":"https:\/\/dailynewshungary.com\/it\/wp-json\/wp\/v2\/media\/728690"}],"wp:attachment":[{"href":"https:\/\/dailynewshungary.com\/it\/wp-json\/wp\/v2\/media?parent=728689"}],"wp:term":[{"taxonomy":"category","embeddable":true,"href":"https:\/\/dailynewshungary.com\/it\/wp-json\/wp\/v2\/categories?post=728689"},{"taxonomy":"post_tag","embeddable":true,"href":"https:\/\/dailynewshungary.com\/it\/wp-json\/wp\/v2\/tags?post=728689"}],"curies":[{"name":"wp","href":"https:\/\/api.w.org\/{rel}","templated":true}]}}