{"id":728809,"date":"2015-10-25T22:00:12","date_gmt":"2015-10-25T21:00:12","guid":{"rendered":"https:\/\/dailynewshungary.com\/it\/orban-osservatore-ungherese-al-vertice-ue-di-domenica-sulla-migrazione\/"},"modified":"2015-10-25T22:00:12","modified_gmt":"2015-10-25T21:00:12","slug":"orban-osservatore-ungherese-al-vertice-ue-di-domenica-sulla-migrazione","status":"publish","type":"post","link":"https:\/\/dailynewshungary.com\/it\/orban-osservatore-ungherese-al-vertice-ue-di-domenica-sulla-migrazione\/","title":{"rendered":"Orban: Osservatore ungherese al vertice UE di domenica sulla migrazione"},"content":{"rendered":"<p><strong>Budapest (MTI) L&#8217;Ungheria non \u00e8 pi\u00f9 sulla rotta migratoria ovest-Balcani, quindi il paese sar\u00e0 solo un osservatore al vertice dei leader dell&#8217;UE di domenica, ha detto il primo ministro Viktor Orban, arrivando sul luogo dell&#8217;incontro a Bruxelles.<\/strong><\/p>\n<blockquote>\n<p>\u201cLa fonte numero uno della crisi \u00e8 che i membri dell&#8217;Unione europea, soprattutto quelli che sono membri del Trattato di Schengen, non sono in grado o non sono pronti a mantenere la parola data, ha detto\u201d Orban.<\/p>\n<\/blockquote>\n<p>Orban ha aggiunto di aver suggerito pi\u00f9 volte che l&#8217;UE protegga congiuntamente i suoi confini se la Grecia non fosse in grado di farlo, \u201cma nessuno ci ha ascoltato\u201d.<\/p>\n<p>\u201cSpero che questo pomeriggio porremo fine alla politica delle frontiere aperte che \u00e8 totalmente contraria al Trattato di Schengen, porremo fine alla politica degli inviti, che \u00e8 contraria all&#8217;accordo internazionale di Schengen, e spero che tutti dicano chi \u00e8 un membro del Trattato di Schengen che siamo pronti a mantenere la parola data in futuro, ha detto\u201d.<\/p>\n<p>Ha detto che l&#8217;Ungheria \u00e8 pronta a condividere qualsiasi esperienza positiva con gli altri partecipanti all&#8217;incontro di lavoro a Bruxelles.<\/p>\n<p>Alla domanda se avrebbe consigliato ad altri paesi di costruire barriere lungo i loro confini, Orban ha detto che non \u00e8 stato pagato per dare consigli ad altri.<\/p>\n<p><em>Foto: MTI<\/em><\/p>\n","protected":false},"excerpt":{"rendered":"<p>Budapest (MTI) L&#8217;Ungheria non \u00e8 pi\u00f9 sulla rotta migratoria ovest-Balcani, quindi il paese sar\u00e0 solo un osservatore al vertice dei leader dell&#8217;UE di domenica, ha detto il primo ministro Viktor Orban, arrivando sul luogo dell&#8217;incontro a Bruxelles. \u201cLa fonte numero uno della crisi \u00e8 che i membri dell&#8217;Unione europea, soprattutto quelli che sono membri del [&hellip;]<\/p>\n","protected":false},"author":2,"featured_media":728810,"comment_status":"open","ping_status":"open","sticky":false,"template":"","format":"standard","meta":{"_display_image":"","footnotes":""},"categories":[1185],"tags":[1291,1075,1083],"class_list":["post-728809","post","type-post","status-publish","format-standard","has-post-thumbnail","hentry","category-politica-in-ungheria","tag-migrazione","tag-unione-europea","tag-viktor-orban"],"blocksy_meta":[],"author_username":"alk","telegram_post":"","public_post_metadata":{"breaking_news":"","important":"","csempe":"","center_tile":"","disable_thumbnail":"","target_lang":"","_featured_image_style":"","telegram_post":"","_xlat_group_id":""},"public_rank_math_data":{"title":"%titolo% %sep% %nomesito%","description":"","focus_keyword":"","canonical_url":"","robots":"","primary_category":"1185","breadcrumb_title":"","facebook_title":"","facebook_description":"","facebook_image":"","facebook_image_id":"","twitter_title":"","twitter_description":"","twitter_image":"","twitter_image_id":"","twitter_card_type":"","twitter_use_facebook":"","advanced_robots":"","pillar_content":"","seo_score":"","contentai_score":"","rich_snippet":""},"_links":{"self":[{"href":"https:\/\/dailynewshungary.com\/it\/wp-json\/wp\/v2\/posts\/728809","targetHints":{"allow":["GET"]}}],"collection":[{"href":"https:\/\/dailynewshungary.com\/it\/wp-json\/wp\/v2\/posts"}],"about":[{"href":"https:\/\/dailynewshungary.com\/it\/wp-json\/wp\/v2\/types\/post"}],"author":[{"embeddable":true,"href":"https:\/\/dailynewshungary.com\/it\/wp-json\/wp\/v2\/users\/2"}],"replies":[{"embeddable":true,"href":"https:\/\/dailynewshungary.com\/it\/wp-json\/wp\/v2\/comments?post=728809"}],"version-history":[{"count":0,"href":"https:\/\/dailynewshungary.com\/it\/wp-json\/wp\/v2\/posts\/728809\/revisions"}],"wp:featuredmedia":[{"embeddable":true,"href":"https:\/\/dailynewshungary.com\/it\/wp-json\/wp\/v2\/media\/728810"}],"wp:attachment":[{"href":"https:\/\/dailynewshungary.com\/it\/wp-json\/wp\/v2\/media?parent=728809"}],"wp:term":[{"taxonomy":"category","embeddable":true,"href":"https:\/\/dailynewshungary.com\/it\/wp-json\/wp\/v2\/categories?post=728809"},{"taxonomy":"post_tag","embeddable":true,"href":"https:\/\/dailynewshungary.com\/it\/wp-json\/wp\/v2\/tags?post=728809"}],"curies":[{"name":"wp","href":"https:\/\/api.w.org\/{rel}","templated":true}]}}