{"id":728867,"date":"2015-10-22T19:35:32","date_gmt":"2015-10-22T17:35:32","guid":{"rendered":"https:\/\/dailynewshungary.com\/it\/orban-nessuna-soluzione-alla-crisi-dei-migranti-senza-la-serbia\/"},"modified":"2015-10-22T19:35:32","modified_gmt":"2015-10-22T17:35:32","slug":"orban-nessuna-soluzione-alla-crisi-dei-migranti-senza-la-serbia","status":"publish","type":"post","link":"https:\/\/dailynewshungary.com\/it\/orban-nessuna-soluzione-alla-crisi-dei-migranti-senza-la-serbia\/","title":{"rendered":"Orb\u00e1n: Nessuna soluzione alla crisi dei migranti senza la Serbia"},"content":{"rendered":"<p><strong>Madrid, 2 ottobre (MTI) 2 Non c&#8217;\u00e8 soluzione alla crisi dei migranti senza la Serbia, che ha acquisito importanza negli ultimi mesi, ha detto mercoled\u00ec scorso il primo ministro Viktor Orb\u00e1n al canale di notizie pubbliche M1.<\/strong><\/p>\n<p>Orb\u00e1n, che partecipa al congresso del Partito popolare europeo a Madrid, ha avuto colloqui separati con il suo omologo serbo Aleksandar Vucic all&#8217;inizio della giornata.<\/p>\n<p>Mentre i paesi balcanici stanno assistendo a vari tipi di disordini, la Serbia \u00e8 diventata il paese pi\u00f9 stabile della regione sulla base di una leadership stabile, ha affermato.<\/p>\n<p>Orb\u00e1n ha sottolineato la necessit\u00e0 di chiarire che l&#8217;Unione europea prende sul serio la richiesta di adesione della Serbia.<\/p>\n<p>\u201cLa crisi dei migranti ha dimostrato che se vogliamo difenderci da tali fenomeni, la Serbia dovrebbe essere lasciata pi\u00f9 vicina e integrata nell&#8217;Unione Europea, ha affermato.<\/p>\n<p>\u201cA causa sia delle nostre relazioni di buon vicinato che degli interessi nazionali, l&#8217;Ungheria sosterr\u00e0 la Serbia a Bruxelles, ha affermato\u201d Orb\u00e1n.<\/p>\n<p><em>Foto: MTI<\/em><\/p>\n","protected":false},"excerpt":{"rendered":"<p>Madrid, 2 ottobre (MTI) 2 Non c&#8217;\u00e8 soluzione alla crisi dei migranti senza la Serbia, che ha acquisito importanza negli ultimi mesi, ha detto mercoled\u00ec scorso il primo ministro Viktor Orb\u00e1n al canale di notizie pubbliche M1. Orb\u00e1n, che partecipa al congresso del Partito popolare europeo a Madrid, ha avuto colloqui separati con il suo [&hellip;]<\/p>\n","protected":false},"author":3,"featured_media":728868,"comment_status":"open","ping_status":"open","sticky":false,"template":"","format":"standard","meta":{"_display_image":"","footnotes":""},"categories":[1185],"tags":[1291,1317,1075],"class_list":["post-728867","post","type-post","status-publish","format-standard","has-post-thumbnail","hentry","category-politica-in-ungheria","tag-migrazione","tag-serbia","tag-unione-europea"],"blocksy_meta":[],"author_username":"becsi","telegram_post":"","public_post_metadata":{"breaking_news":"","important":"","csempe":"","center_tile":"","disable_thumbnail":"","target_lang":"","_featured_image_style":"","telegram_post":"","_xlat_group_id":""},"public_rank_math_data":{"title":"%titolo% %sep% %nomesito%","description":"","focus_keyword":"Orb\u00e1n Serbia","canonical_url":"","robots":"","primary_category":"1185","breadcrumb_title":"","facebook_title":"","facebook_description":"","facebook_image":"","facebook_image_id":"","twitter_title":"","twitter_description":"","twitter_image":"","twitter_image_id":"","twitter_card_type":"","twitter_use_facebook":"","advanced_robots":"","pillar_content":"","seo_score":"3","contentai_score":"","rich_snippet":""},"_links":{"self":[{"href":"https:\/\/dailynewshungary.com\/it\/wp-json\/wp\/v2\/posts\/728867","targetHints":{"allow":["GET"]}}],"collection":[{"href":"https:\/\/dailynewshungary.com\/it\/wp-json\/wp\/v2\/posts"}],"about":[{"href":"https:\/\/dailynewshungary.com\/it\/wp-json\/wp\/v2\/types\/post"}],"author":[{"embeddable":true,"href":"https:\/\/dailynewshungary.com\/it\/wp-json\/wp\/v2\/users\/3"}],"replies":[{"embeddable":true,"href":"https:\/\/dailynewshungary.com\/it\/wp-json\/wp\/v2\/comments?post=728867"}],"version-history":[{"count":0,"href":"https:\/\/dailynewshungary.com\/it\/wp-json\/wp\/v2\/posts\/728867\/revisions"}],"wp:featuredmedia":[{"embeddable":true,"href":"https:\/\/dailynewshungary.com\/it\/wp-json\/wp\/v2\/media\/728868"}],"wp:attachment":[{"href":"https:\/\/dailynewshungary.com\/it\/wp-json\/wp\/v2\/media?parent=728867"}],"wp:term":[{"taxonomy":"category","embeddable":true,"href":"https:\/\/dailynewshungary.com\/it\/wp-json\/wp\/v2\/categories?post=728867"},{"taxonomy":"post_tag","embeddable":true,"href":"https:\/\/dailynewshungary.com\/it\/wp-json\/wp\/v2\/tags?post=728867"}],"curies":[{"name":"wp","href":"https:\/\/api.w.org\/{rel}","templated":true}]}}