{"id":728883,"date":"2015-10-22T10:05:37","date_gmt":"2015-10-22T08:05:37","guid":{"rendered":"https:\/\/dailynewshungary.com\/it\/il-impegnativo-sistema-delle-quote-potrebbe-avere-conseguenze-spiacevoli-per-lungheria-avverte-lmp\/"},"modified":"2015-10-22T10:05:37","modified_gmt":"2015-10-22T08:05:37","slug":"il-impegnativo-sistema-delle-quote-potrebbe-avere-conseguenze-spiacevoli-per-lungheria-avverte-lmp","status":"publish","type":"post","link":"https:\/\/dailynewshungary.com\/it\/il-impegnativo-sistema-delle-quote-potrebbe-avere-conseguenze-spiacevoli-per-lungheria-avverte-lmp\/","title":{"rendered":"Il impegnativo sistema delle quote potrebbe avere conseguenze spiacevoli per l\u2019Ungheria, avverte LMP"},"content":{"rendered":"<p><strong>Budapest (MTI) \u201cPubblicare il sistema dell&#8217;Unione Europea di quote obbligatorie per i migranti potrebbe avere conseguenze disastrose per la diplomazia ungherese, ha avvertito mercoled\u00ec il partito di opposizione verde LMP.<\/strong><\/p>\n<p>Se il governo ungherese continua a insistere sulla questione, Germania e Austria potrebbero rimandare centinaia di migliaia di migranti in Ungheria, ha detto in conferenza stampa il co-leader della LMP Andras Schiffer.<\/p>\n<p>Schiffer ha affermato che, sebbene il sistema delle quote in s\u00e9 non risolver\u00e0 la crisi dei migranti, il rifiuto dell&#8217;Ungheria di accogliere i 1.300 rifugiati che la norma le distribuirebbe invierebbe il messaggio sbagliato\u201d. Schiffer ha aggiunto che il potenziale allontanamento dei veri rifugiati da parte dell&#8217;Ungheria andrebbe addirittura contro lo spirito dei trattati internazionali di\u201d e della costituzione ungherese.<\/p>\n<p>Agire legalmente contro la decisione del Consiglio dei ministri degli Interni e della Giustizia dell&#8217;UE potrebbe portare l&#8217;Ungheria a essere vista come uno Stato membro di \u201ctaker\u201d che non \u00e8 disposto ad assumersi la sua giusta quota di responsabilit\u00e0, ha affermato.<\/p>\n<p>Schiffer ha detto che il primo ministro dovrebbe chiarire come pu\u00f2 garantire che questa \u201cunfriendly move\u201d da parte del governo non porter\u00e0 Austria e Germania a rimandare indietro i 170.000 migranti registrati qui.<\/p>\n<p>Schiffer ha aggiunto, tuttavia, di essere d&#8217;accordo con il meccanismo di allarme rapido sulla sussidiariet\u00e0 del Trattato di Lisbona che offre ai parlamenti nazionali l&#8217;opportunit\u00e0 di opporsi alle proposte dell&#8217;UE, sostenendo che lo scenario peggiore sarebbe quello di far s\u00ec che uno Stato membro contesti una legge dell&#8217;UE in materia. dopo che era gi\u00e0 stato approvato.<\/p>\n<p>Ha detto che l&#8217;ammissione di migranti a \u201climitless\u201d serve solo gli interessi delle aziende europee che, secondo lui, non si preoccupano se le crisi dei rifugiati nei paesi di origine dei migranti siano mai risolte. Schiffer ha detto che questo \u00e8 il motivo per cui le regole di Dublino devono essere sostituite da una legge comune sull\u2019asilo che chiarisca chi ha o meno diritto allo status di rifugiato.<\/p>\n<p>La sentenza Fidesz ha risposto affermando che \u00e8 il sistema delle quote che potrebbe avere conseguenze catastrofiche, aggiungendo che il partito sosterr\u00e0 il governo se sceglier\u00e0 di contestare la decisione dell&#8217;UE.<\/p>\n<p>Fidesz ha detto che il sistema \u00e8 \u201cflawed e incoraggia i migranti e i trafficanti di persone\u201d Hanno detto che le quote proposte non erano realistiche e che i migranti non sono disposti a cooperare con le autorit\u00e0 quando si tratta della loro distribuzione Fidesz ha aggiunto che il modo in cui la proposta sul sistema delle quote \u00e8 stata approvata \u201cviolentemente violato\u201d l&#8217;indipendenza e la sovranit\u00e0 degli Stati membri.<\/p>\n<p><em>Foto: MTI<\/em><\/p>\n","protected":false},"excerpt":{"rendered":"<p>Budapest (MTI) \u201cPubblicare il sistema dell&#8217;Unione Europea di quote obbligatorie per i migranti potrebbe avere conseguenze disastrose per la diplomazia ungherese, ha avvertito mercoled\u00ec il partito di opposizione verde LMP. Se il governo ungherese continua a insistere sulla questione, Germania e Austria potrebbero rimandare centinaia di migliaia di migranti in Ungheria, ha detto in conferenza [&hellip;]<\/p>\n","protected":false},"author":3,"featured_media":728884,"comment_status":"open","ping_status":"open","sticky":false,"template":"","format":"standard","meta":{"_display_image":"","footnotes":""},"categories":[1185],"tags":[1473,1632,1291],"class_list":["post-728883","post","type-post","status-publish","format-standard","has-post-thumbnail","hentry","category-politica-in-ungheria","tag-legge","tag-lmp","tag-migrazione"],"blocksy_meta":[],"author_username":"becsi","telegram_post":"","public_post_metadata":{"breaking_news":"","important":"","csempe":"","center_tile":"","disable_thumbnail":"","target_lang":"","_featured_image_style":"","telegram_post":"","_xlat_group_id":""},"public_rank_math_data":{"title":"%titolo% %sep% %nomesito%","description":"","focus_keyword":"","canonical_url":"","robots":"","primary_category":"1185","breadcrumb_title":"","facebook_title":"","facebook_description":"","facebook_image":"","facebook_image_id":"","twitter_title":"","twitter_description":"","twitter_image":"","twitter_image_id":"","twitter_card_type":"","twitter_use_facebook":"","advanced_robots":"","pillar_content":"","seo_score":"","contentai_score":"","rich_snippet":""},"_links":{"self":[{"href":"https:\/\/dailynewshungary.com\/it\/wp-json\/wp\/v2\/posts\/728883","targetHints":{"allow":["GET"]}}],"collection":[{"href":"https:\/\/dailynewshungary.com\/it\/wp-json\/wp\/v2\/posts"}],"about":[{"href":"https:\/\/dailynewshungary.com\/it\/wp-json\/wp\/v2\/types\/post"}],"author":[{"embeddable":true,"href":"https:\/\/dailynewshungary.com\/it\/wp-json\/wp\/v2\/users\/3"}],"replies":[{"embeddable":true,"href":"https:\/\/dailynewshungary.com\/it\/wp-json\/wp\/v2\/comments?post=728883"}],"version-history":[{"count":0,"href":"https:\/\/dailynewshungary.com\/it\/wp-json\/wp\/v2\/posts\/728883\/revisions"}],"wp:featuredmedia":[{"embeddable":true,"href":"https:\/\/dailynewshungary.com\/it\/wp-json\/wp\/v2\/media\/728884"}],"wp:attachment":[{"href":"https:\/\/dailynewshungary.com\/it\/wp-json\/wp\/v2\/media?parent=728883"}],"wp:term":[{"taxonomy":"category","embeddable":true,"href":"https:\/\/dailynewshungary.com\/it\/wp-json\/wp\/v2\/categories?post=728883"},{"taxonomy":"post_tag","embeddable":true,"href":"https:\/\/dailynewshungary.com\/it\/wp-json\/wp\/v2\/tags?post=728883"}],"curies":[{"name":"wp","href":"https:\/\/api.w.org\/{rel}","templated":true}]}}