{"id":728885,"date":"2015-10-22T09:05:43","date_gmt":"2015-10-22T07:05:43","guid":{"rendered":"https:\/\/dailynewshungary.com\/it\/orban-la-maggioranza-degli-europei-sostiene-le-misure-del-governo-ungherese\/"},"modified":"2015-10-22T09:05:43","modified_gmt":"2015-10-22T07:05:43","slug":"orban-la-maggioranza-degli-europei-sostiene-le-misure-del-governo-ungherese","status":"publish","type":"post","link":"https:\/\/dailynewshungary.com\/it\/orban-la-maggioranza-degli-europei-sostiene-le-misure-del-governo-ungherese\/","title":{"rendered":"Orb\u00e1n: La maggioranza degli europei sostiene le misure del governo ungherese"},"content":{"rendered":"<p><strong>Madrid (MTI) La stragrande maggioranza degli europei sostiene le misure del governo ungherese riguardo alla crisi dei migranti, ha detto mercoled\u00ec ai giornalisti il primo ministro Viktor Orb\u00e1n davanti al congresso del Partito popolare europeo a Madrid.<\/strong><\/p>\n<p>Orb\u00e1n ha affermato che Schengen \u00e8 una risorsa che deve essere protetta e ha sottolineato che \u00e8 improbabile che il suo governo apra il confine dell&#8217;Ungheria con la Croazia poich\u00e9 il suo obiettivo \u00e8 respingere i migranti. Il primo ministro ha sostenuto che la crisi dei migranti potrebbe potenzialmente distruggere l\u2019Europa.<\/p>\n<p>Orb\u00e1n ha detto che la crisi potrebbe fare a pezzi l&#8217;Europa e l&#8217;Ungheria vuole proteggere l&#8217;Europa, ha aggiunto che anche l&#8217;Ungheria deve osservare i trattati internazionali Il primo ministro ha detto che, poich\u00e9 l&#8217;Europa si basa sullo stato di diritto, il mancato rispetto delle regole porterebbe al caos.<\/p>\n<p>Alla domanda sul perch\u00e9 volesse proteggere l&#8217;Europa mentre a quanto pare non voleva protezione, Orb\u00e1n si \u00e8 detto certo che alla maggior parte delle persone non piace quello che sta succedendo e questo vale non solo per gli ungheresi ma anche per gli europei.<\/p>\n<p>Ha detto alla televisione di stato croata che l&#8217;Ungheria rispetta il popolo croato e i leader eletti del paese e continua a lottare per buoni rapporti con quel paese.<\/p>\n<p>Il congresso del PPE affronter\u00e0 la crisi migratoria in Europa come uno dei punti focali all&#8217;ordine del giorno.<\/p>\n<p><em>Foto: MTI<\/em><\/p>\n","protected":false},"excerpt":{"rendered":"<p>Madrid (MTI) La stragrande maggioranza degli europei sostiene le misure del governo ungherese riguardo alla crisi dei migranti, ha detto mercoled\u00ec ai giornalisti il primo ministro Viktor Orb\u00e1n davanti al congresso del Partito popolare europeo a Madrid. Orb\u00e1n ha affermato che Schengen \u00e8 una risorsa che deve essere protetta e ha sottolineato che \u00e8 improbabile [&hellip;]<\/p>\n","protected":false},"author":3,"featured_media":728886,"comment_status":"open","ping_status":"open","sticky":false,"template":"","format":"standard","meta":{"_display_image":"","footnotes":""},"categories":[1185],"tags":[1291,1083],"class_list":["post-728885","post","type-post","status-publish","format-standard","has-post-thumbnail","hentry","category-politica-in-ungheria","tag-migrazione","tag-viktor-orban"],"blocksy_meta":[],"author_username":"becsi","telegram_post":"","public_post_metadata":{"breaking_news":"","important":"","csempe":"","center_tile":"","disable_thumbnail":"","target_lang":"","_featured_image_style":"","telegram_post":"","_xlat_group_id":""},"public_rank_math_data":{"title":"%titolo% %sep% %nomesito%","description":"","focus_keyword":"Orb\u00e1n Europa","canonical_url":"","robots":"","primary_category":"1185","breadcrumb_title":"","facebook_title":"","facebook_description":"","facebook_image":"","facebook_image_id":"","twitter_title":"","twitter_description":"","twitter_image":"","twitter_image_id":"","twitter_card_type":"","twitter_use_facebook":"","advanced_robots":"","pillar_content":"","seo_score":"2","contentai_score":"","rich_snippet":""},"_links":{"self":[{"href":"https:\/\/dailynewshungary.com\/it\/wp-json\/wp\/v2\/posts\/728885","targetHints":{"allow":["GET"]}}],"collection":[{"href":"https:\/\/dailynewshungary.com\/it\/wp-json\/wp\/v2\/posts"}],"about":[{"href":"https:\/\/dailynewshungary.com\/it\/wp-json\/wp\/v2\/types\/post"}],"author":[{"embeddable":true,"href":"https:\/\/dailynewshungary.com\/it\/wp-json\/wp\/v2\/users\/3"}],"replies":[{"embeddable":true,"href":"https:\/\/dailynewshungary.com\/it\/wp-json\/wp\/v2\/comments?post=728885"}],"version-history":[{"count":0,"href":"https:\/\/dailynewshungary.com\/it\/wp-json\/wp\/v2\/posts\/728885\/revisions"}],"wp:featuredmedia":[{"embeddable":true,"href":"https:\/\/dailynewshungary.com\/it\/wp-json\/wp\/v2\/media\/728886"}],"wp:attachment":[{"href":"https:\/\/dailynewshungary.com\/it\/wp-json\/wp\/v2\/media?parent=728885"}],"wp:term":[{"taxonomy":"category","embeddable":true,"href":"https:\/\/dailynewshungary.com\/it\/wp-json\/wp\/v2\/categories?post=728885"},{"taxonomy":"post_tag","embeddable":true,"href":"https:\/\/dailynewshungary.com\/it\/wp-json\/wp\/v2\/tags?post=728885"}],"curies":[{"name":"wp","href":"https:\/\/api.w.org\/{rel}","templated":true}]}}