{"id":729036,"date":"2015-10-16T11:30:27","date_gmt":"2015-10-16T09:30:27","guid":{"rendered":"https:\/\/dailynewshungary.com\/it\/orban-convochera-una-riunione-del-gabinetto-di-sicurezza-nazionale-per-decidere-sulla-sigillatura-del-confine-con-la-croazia\/"},"modified":"2015-10-16T11:30:27","modified_gmt":"2015-10-16T09:30:27","slug":"orban-convochera-una-riunione-del-gabinetto-di-sicurezza-nazionale-per-decidere-sulla-sigillatura-del-confine-con-la-croazia","status":"publish","type":"post","link":"https:\/\/dailynewshungary.com\/it\/orban-convochera-una-riunione-del-gabinetto-di-sicurezza-nazionale-per-decidere-sulla-sigillatura-del-confine-con-la-croazia\/","title":{"rendered":"Orban convocher\u00e0 una riunione del gabinetto di sicurezza nazionale per decidere sulla sigillatura del confine con la Croazia"},"content":{"rendered":"<p><strong>Bruxelles, 6 ottobre (MTI) 1 Una riunione del gabinetto di sicurezza nazionale si terr\u00e0 venerd\u00ec primo pomeriggio per decidere sulla sigillatura del confine tra Ungheria e Croazia, ha detto il primo ministro Viktor Orban dopo un vertice a Bruxelles.<\/strong><\/p>\n<p>Nelle prime ore di venerd\u00ec ha detto alla stampa che avrebbe convocato la riunione dopo essere tornato a Budapest intorno a mezzogiorno.<\/p>\n<p>Orban ha detto che tutte le condizioni per sigillare il confine croato sono fissate e lo stesso livello di protezione delle frontiere pu\u00f2 essere raggiunto come sul confine ungherese-serbo Ha aggiunto che prima del vertice, i paesi del gruppo di Visegrad hanno detto in un comunicato che avrebbero aiutato l&#8217;Ungheria a proteggere i suoi confini.<\/p>\n<p>Orban ha detto che il vertice dei primi ministri dell&#8217;Unione europea ha fatto seri progressi verso il raggiungimento di un accordo con la Turchia in relazione alla crisi dei rifugiati ma non \u00e8 stata presa alcuna decisione sulla sigillatura del confine greco-turco Questo significa che la pi\u00f9 importante delle sei proposte dell&#8217;Ungheria non \u00e8 riuscita ad avere successo, ha aggiunto.<\/p>\n<p><em>Foto: MTI<\/em><\/p>\n","protected":false},"excerpt":{"rendered":"<p>Bruxelles, 6 ottobre (MTI) 1 Una riunione del gabinetto di sicurezza nazionale si terr\u00e0 venerd\u00ec primo pomeriggio per decidere sulla sigillatura del confine tra Ungheria e Croazia, ha detto il primo ministro Viktor Orban dopo un vertice a Bruxelles. Nelle prime ore di venerd\u00ec ha detto alla stampa che avrebbe convocato la riunione dopo essere [&hellip;]<\/p>\n","protected":false},"author":2,"featured_media":729037,"comment_status":"open","ping_status":"open","sticky":false,"template":"","format":"standard","meta":{"_display_image":"","footnotes":""},"categories":[1185],"tags":[1291,1075,1083],"class_list":["post-729036","post","type-post","status-publish","format-standard","has-post-thumbnail","hentry","category-politica-in-ungheria","tag-migrazione","tag-unione-europea","tag-viktor-orban"],"blocksy_meta":[],"author_username":"alk","telegram_post":"","public_post_metadata":{"breaking_news":"","important":"","csempe":"","center_tile":"","disable_thumbnail":"","target_lang":"","_featured_image_style":"","telegram_post":"","_xlat_group_id":""},"public_rank_math_data":{"title":"%titolo% %sep% %nomesito%","description":"","focus_keyword":"","canonical_url":"","robots":"","primary_category":"1185","breadcrumb_title":"","facebook_title":"","facebook_description":"","facebook_image":"","facebook_image_id":"","twitter_title":"","twitter_description":"","twitter_image":"","twitter_image_id":"","twitter_card_type":"","twitter_use_facebook":"","advanced_robots":"","pillar_content":"","seo_score":"","contentai_score":"","rich_snippet":""},"_links":{"self":[{"href":"https:\/\/dailynewshungary.com\/it\/wp-json\/wp\/v2\/posts\/729036","targetHints":{"allow":["GET"]}}],"collection":[{"href":"https:\/\/dailynewshungary.com\/it\/wp-json\/wp\/v2\/posts"}],"about":[{"href":"https:\/\/dailynewshungary.com\/it\/wp-json\/wp\/v2\/types\/post"}],"author":[{"embeddable":true,"href":"https:\/\/dailynewshungary.com\/it\/wp-json\/wp\/v2\/users\/2"}],"replies":[{"embeddable":true,"href":"https:\/\/dailynewshungary.com\/it\/wp-json\/wp\/v2\/comments?post=729036"}],"version-history":[{"count":0,"href":"https:\/\/dailynewshungary.com\/it\/wp-json\/wp\/v2\/posts\/729036\/revisions"}],"wp:featuredmedia":[{"embeddable":true,"href":"https:\/\/dailynewshungary.com\/it\/wp-json\/wp\/v2\/media\/729037"}],"wp:attachment":[{"href":"https:\/\/dailynewshungary.com\/it\/wp-json\/wp\/v2\/media?parent=729036"}],"wp:term":[{"taxonomy":"category","embeddable":true,"href":"https:\/\/dailynewshungary.com\/it\/wp-json\/wp\/v2\/categories?post=729036"},{"taxonomy":"post_tag","embeddable":true,"href":"https:\/\/dailynewshungary.com\/it\/wp-json\/wp\/v2\/tags?post=729036"}],"curies":[{"name":"wp","href":"https:\/\/api.w.org\/{rel}","templated":true}]}}