{"id":729160,"date":"2015-10-12T20:30:05","date_gmt":"2015-10-12T18:30:05","guid":{"rendered":"https:\/\/dailynewshungary.com\/it\/ministro-degli-esteri-pericoli-di-migrazione-di-massa-sottovalutati-nellue\/"},"modified":"2015-10-12T20:30:05","modified_gmt":"2015-10-12T18:30:05","slug":"ministro-degli-esteri-pericoli-di-migrazione-di-massa-sottovalutati-nellue","status":"publish","type":"post","link":"https:\/\/dailynewshungary.com\/it\/ministro-degli-esteri-pericoli-di-migrazione-di-massa-sottovalutati-nellue\/","title":{"rendered":"Ministro degli Esteri: pericoli di migrazione di massa sottovalutati nell\u2019UE"},"content":{"rendered":"<p><strong>Lussemburgo, 2 ottobre (MTI) 14 L&#8217;Unione europea sottovaluta ancora grossolanamente i pericoli di una migrazione di massa che coinvolge milioni di persone, ha detto luned\u00ec il ministro degli Esteri Peter Szijjarto.<\/strong><\/p>\n<p>Se l&#8217;UE perde la sua credibilit\u00e0 nei paesi che attualmente ospitano la maggior parte dei migranti, i suoi confini saranno inondati da milioni di nuovi migranti, ha detto Szijjarto dopo una riunione dei ministri degli Esteri dell&#8217;UE.<\/p>\n<p>\u00c8 evidente che \u00e8 urgentemente necessario un accordo correlato con la Turchia, cos\u00ec come con la Giordania e il Libano.<\/p>\n<p>\u201cSe l&#8217;UE non riuscir\u00e0 a riprendere il controllo dei suoi confini e non potr\u00e0 concordare con Turchia, Libano, Giordania e Iraq sui modi per contribuire a prendersi cura dei migranti in quei paesi, allora milioni di migranti arriveranno\u201d, ha detto Szijjarto, aggiungendo che nulla \u00e8 stato raggiunto nell\u2019affrontare le cause che hanno innescato la crisi dei migranti in Medio Oriente o nella lotta contro lo Stato islamico.<\/p>\n<p>\u00c8 necessario un accordo \u201cvery urgentemente\u201d con i paesi intorno alla Siria per trattenere i migranti, ha detto.<\/p>\n<p>La Turchia svolge un ruolo chiave in questo processo ed \u00e8 anche nell&#8217;interesse dell&#8217;Europa accelerare la liberalizzazione dei visti e aprire un nuovo capitolo nei colloqui di adesione all&#8217;UE con la Turchia, ha affermato.<\/p>\n<p>C&#8217;\u00e8 stato un serio dibattito sulla protezione delle frontiere durante la riunione dei ministri degli Esteri, ha detto Szijjarto Il ministro degli Esteri del Lussemburgo ha detto che la protezione delle frontiere esterne dell&#8217;UE deve essere assicurata, ha aggiunto.<\/p>\n<p>\u201cQuesto \u00e8 un buon obiettivo ma il problema \u00e8 che non funziona Se funzionasse allora tutti quei 357.119 migranti clandestini arrivati in Ungheria stamattina non sarebbero venuti, ha detto\u201d.<\/p>\n<p>Se la cooperazione tra i paesi di Visegrad per proteggere i confini meridionali dell\u2019Ungheria si rivelasse vincente, allora nessuno sar\u00e0 in grado di sostenere in modo credibile la\u201d contro i 28 stati dell\u2019UE che uniscono le forze per proteggere i confini esterni della Grecia.<\/p>\n<p>Ha detto che il suo omologo croato lo aveva interrogato sul motivo per cui l&#8217;Ungheria aveva costruito una recinzione al confine. Le regole dello spazio Schengen obbligano l&#8217;Ungheria a proteggere le frontiere esterne dell&#8217;area e a garantire che questo confine possa essere attraversato solo in luoghi designati e in orari prestabiliti, ha detto Szijjarto. Poich\u00e9 il sistema di servizi per i migranti della Croazia \u00e8 crollato entro 24 ore e Zagabria ha iniziato a trasportare migranti al confine ungherese, l&#8217;Ungheria \u00e8 stata costretta a sigillare i suoi confini per adempiere ai propri obblighi Schengen, ha detto Szijjarto.<\/p>\n","protected":false},"excerpt":{"rendered":"<p>Lussemburgo, 2 ottobre (MTI) 14 L&#8217;Unione europea sottovaluta ancora grossolanamente i pericoli di una migrazione di massa che coinvolge milioni di persone, ha detto luned\u00ec il ministro degli Esteri Peter Szijjarto. Se l&#8217;UE perde la sua credibilit\u00e0 nei paesi che attualmente ospitano la maggior parte dei migranti, i suoi confini saranno inondati da milioni di [&hellip;]<\/p>\n","protected":false},"author":2,"featured_media":729161,"comment_status":"open","ping_status":"open","sticky":false,"template":"","format":"standard","meta":{"_display_image":"","footnotes":""},"categories":[1185],"tags":[1291,1092,1075],"class_list":["post-729160","post","type-post","status-publish","format-standard","has-post-thumbnail","hentry","category-politica-in-ungheria","tag-migrazione","tag-ministero-degli-affari-esteri-dellungheria","tag-unione-europea"],"blocksy_meta":[],"author_username":"alk","telegram_post":"","public_post_metadata":{"breaking_news":"","important":"","csempe":"","center_tile":"","disable_thumbnail":"","target_lang":"","_featured_image_style":"","telegram_post":"","_xlat_group_id":""},"public_rank_math_data":{"title":"%titolo% %sep% %nomesito%","description":"","focus_keyword":"","canonical_url":"","robots":"","primary_category":"1185","breadcrumb_title":"","facebook_title":"","facebook_description":"","facebook_image":"","facebook_image_id":"","twitter_title":"","twitter_description":"","twitter_image":"","twitter_image_id":"","twitter_card_type":"","twitter_use_facebook":"","advanced_robots":"","pillar_content":"","seo_score":"","contentai_score":"","rich_snippet":""},"_links":{"self":[{"href":"https:\/\/dailynewshungary.com\/it\/wp-json\/wp\/v2\/posts\/729160","targetHints":{"allow":["GET"]}}],"collection":[{"href":"https:\/\/dailynewshungary.com\/it\/wp-json\/wp\/v2\/posts"}],"about":[{"href":"https:\/\/dailynewshungary.com\/it\/wp-json\/wp\/v2\/types\/post"}],"author":[{"embeddable":true,"href":"https:\/\/dailynewshungary.com\/it\/wp-json\/wp\/v2\/users\/2"}],"replies":[{"embeddable":true,"href":"https:\/\/dailynewshungary.com\/it\/wp-json\/wp\/v2\/comments?post=729160"}],"version-history":[{"count":0,"href":"https:\/\/dailynewshungary.com\/it\/wp-json\/wp\/v2\/posts\/729160\/revisions"}],"wp:featuredmedia":[{"embeddable":true,"href":"https:\/\/dailynewshungary.com\/it\/wp-json\/wp\/v2\/media\/729161"}],"wp:attachment":[{"href":"https:\/\/dailynewshungary.com\/it\/wp-json\/wp\/v2\/media?parent=729160"}],"wp:term":[{"taxonomy":"category","embeddable":true,"href":"https:\/\/dailynewshungary.com\/it\/wp-json\/wp\/v2\/categories?post=729160"},{"taxonomy":"post_tag","embeddable":true,"href":"https:\/\/dailynewshungary.com\/it\/wp-json\/wp\/v2\/tags?post=729160"}],"curies":[{"name":"wp","href":"https:\/\/api.w.org\/{rel}","templated":true}]}}