{"id":729286,"date":"2015-10-08T16:08:37","date_gmt":"2015-10-08T14:08:37","guid":{"rendered":"https:\/\/dailynewshungary.com\/it\/governo-ungherese-la-recinzione-di-confine-tra-ungheria-e-croazia-e-sostanzialmente-completata\/"},"modified":"2015-10-08T16:08:37","modified_gmt":"2015-10-08T14:08:37","slug":"governo-ungherese-la-recinzione-di-confine-tra-ungheria-e-croazia-e-sostanzialmente-completata","status":"publish","type":"post","link":"https:\/\/dailynewshungary.com\/it\/governo-ungherese-la-recinzione-di-confine-tra-ungheria-e-croazia-e-sostanzialmente-completata\/","title":{"rendered":"Governo ungherese: la recinzione di confine tra Ungheria e Croazia \u00e8 sostanzialmente completata"},"content":{"rendered":"<p><strong>Budapest, 8 ottobre (MTI) La recinzione lungo il confine ungherese-croato \u00e8 completata al 99%, ha detto gioved\u00ec Janos Lazar, capo dell&#8217;ufficio governativo, in una regolare conferenza stampa del governo.<\/strong><\/p>\n<p>Il governo ungherese \u00e8 nel bel mezzo delle consultazioni internazionali sulle misure da adottare per gestire la sicurezza lungo il confine, ha detto Lazar.<\/p>\n<p>Il piano dell&#8217;Ungheria prevede che il confine meridionale Schengen con la Croazia sia protetto congiuntamente dalle forze degli Stati membri del Gruppo di Visegrad.<\/p>\n<p>Lazar ha affermato che l&#8217;Ungheria \u00e8 esposta all&#8217;azione organizzata dei trafficanti di esseri umani, con l&#8217;intenso coinvolgimento dello Stato croato.<\/p>\n<p>Il governo spera che il completamento della recinzione riduca o elimini significativamente la pressione migratoria, ha affermato Lazar.<\/p>\n<p>Allo stesso tempo, il ministro ha detto che \u00e8 facilmente immaginabile che entro la fine dell&#8217;anno 600.000 migranti illegali saranno arrivati in Ungheria.<\/p>\n<p>Dall&#8217;inizio del 2015 sono state presentate alle autorit\u00e0 ungheresi 176.205 domande di asilo, ha detto Lazar, aggiungendo che sono stati avviati procedimenti penali contro oltre 400 immigrati clandestini; nella maggior parte dei casi gli imputati sono stati espulsi dal Paese.<\/p>\n<p>L&#8217;Ungheria ha finora speso 60 miliardi di fiorini (192 milioni di euro) di fondi pubblici per affrontare le questioni legate alla migrazione, ha affermato il ministro.<\/p>\n<p><em>Foto: MTI<\/em><\/p>\n","protected":false},"excerpt":{"rendered":"<p>Budapest, 8 ottobre (MTI) La recinzione lungo il confine ungherese-croato \u00e8 completata al 99%, ha detto gioved\u00ec Janos Lazar, capo dell&#8217;ufficio governativo, in una regolare conferenza stampa del governo. Il governo ungherese \u00e8 nel bel mezzo delle consultazioni internazionali sulle misure da adottare per gestire la sicurezza lungo il confine, ha detto Lazar. Il piano [&hellip;]<\/p>\n","protected":false},"author":2,"featured_media":729287,"comment_status":"open","ping_status":"open","sticky":false,"template":"","format":"standard","meta":{"_display_image":"","footnotes":""},"categories":[1185],"tags":[1291],"class_list":["post-729286","post","type-post","status-publish","format-standard","has-post-thumbnail","hentry","category-politica-in-ungheria","tag-migrazione"],"blocksy_meta":[],"author_username":"alk","telegram_post":"","public_post_metadata":{"breaking_news":"","important":"","csempe":"","center_tile":"","disable_thumbnail":"","target_lang":"","_featured_image_style":"","telegram_post":"","_xlat_group_id":""},"public_rank_math_data":{"title":"%titolo% %sep% %nomesito%","description":"","focus_keyword":"","canonical_url":"","robots":"","primary_category":"1185","breadcrumb_title":"","facebook_title":"","facebook_description":"","facebook_image":"","facebook_image_id":"","twitter_title":"","twitter_description":"","twitter_image":"","twitter_image_id":"","twitter_card_type":"","twitter_use_facebook":"","advanced_robots":"","pillar_content":"","seo_score":"","contentai_score":"","rich_snippet":""},"_links":{"self":[{"href":"https:\/\/dailynewshungary.com\/it\/wp-json\/wp\/v2\/posts\/729286","targetHints":{"allow":["GET"]}}],"collection":[{"href":"https:\/\/dailynewshungary.com\/it\/wp-json\/wp\/v2\/posts"}],"about":[{"href":"https:\/\/dailynewshungary.com\/it\/wp-json\/wp\/v2\/types\/post"}],"author":[{"embeddable":true,"href":"https:\/\/dailynewshungary.com\/it\/wp-json\/wp\/v2\/users\/2"}],"replies":[{"embeddable":true,"href":"https:\/\/dailynewshungary.com\/it\/wp-json\/wp\/v2\/comments?post=729286"}],"version-history":[{"count":0,"href":"https:\/\/dailynewshungary.com\/it\/wp-json\/wp\/v2\/posts\/729286\/revisions"}],"wp:featuredmedia":[{"embeddable":true,"href":"https:\/\/dailynewshungary.com\/it\/wp-json\/wp\/v2\/media\/729287"}],"wp:attachment":[{"href":"https:\/\/dailynewshungary.com\/it\/wp-json\/wp\/v2\/media?parent=729286"}],"wp:term":[{"taxonomy":"category","embeddable":true,"href":"https:\/\/dailynewshungary.com\/it\/wp-json\/wp\/v2\/categories?post=729286"},{"taxonomy":"post_tag","embeddable":true,"href":"https:\/\/dailynewshungary.com\/it\/wp-json\/wp\/v2\/tags?post=729286"}],"curies":[{"name":"wp","href":"https:\/\/api.w.org\/{rel}","templated":true}]}}