{"id":729316,"date":"2015-10-07T17:00:47","date_gmt":"2015-10-07T15:00:47","guid":{"rendered":"https:\/\/dailynewshungary.com\/it\/jobbik-chiede-a-orban-lazar-rivela-informazioni-sul-presunto-furto-di-beni-pubblici\/"},"modified":"2015-10-07T17:00:47","modified_gmt":"2015-10-07T15:00:47","slug":"jobbik-chiede-a-orban-lazar-rivela-informazioni-sul-presunto-furto-di-beni-pubblici","status":"publish","type":"post","link":"https:\/\/dailynewshungary.com\/it\/jobbik-chiede-a-orban-lazar-rivela-informazioni-sul-presunto-furto-di-beni-pubblici\/","title":{"rendered":"Jobbik chiede a Orban, Lazar rivela informazioni sul presunto furto di beni pubblici"},"content":{"rendered":"<p><strong>Budapest, 7 ottobre (MTI) 7 partito Il nazionalista radicale Jobbik mercoled\u00ec ha invitato il primo ministro Viktor Orban e il capo dell&#8217;ufficio governativo, Janos Lazar, a presentare fatti e prove su \u201cchi sta rubando beni pubblici\u201d.<\/strong><\/p>\n<p>Secondo quanto riportato dalla stampa, Lazar ha dichiarato marted\u00ec ad una sottocommissione parlamentare di vigilanza, in relazione alla prevista vendita di terreni agricoli di propriet\u00e0 statale, che nessuno vorrebbe che l&#8217;agricoltura su poche centinaia di migliaia di ettari solo per la direzione affiliata ai socialisti rubasse tutto quando il I socialisti sono al governo o la direzione affiliata a Fidesz rubano tutto quando Fidesz \u00e8 al governo.\u201d<\/p>\n<p>Il vice leader di Jobbik, Istvan Apati, ha dichiarato in una conferenza stampa che si tratta di una \u201cunique gangster logic\u201d per prevenire il furto tramite rapina Quando i beni di pubblica utilit\u00e0 sono stati nazionalizzati, il governo ha sostenuto che lo stato sarebbe un buon proprietario Ma ora che 380.000 ettari di terreno agricolo devono essere svenduti, il governo sostiene il contrario, ha aggiunto.<\/p>\n<p>Apati ha detto che \u00e8 ora che Orban e Lazar si facciano avanti con cifre, nomi e fatti reali.<\/p>\n<p>Ha anche chiesto che la vendita dei terreni agricoli venga interrotta.<\/p>\n<p>La Coalizione Democratica (DK) dell&#8217;opposizione ha invitato Lazar a presentare una denuncia alla polizia su eventuali attivit\u00e0 criminali di cui \u00e8 a conoscenza in relazione alle aziende agricole e ai terreni di propriet\u00e0 statale. Il vice leader del DK Tibor Nagy-Huszein ha detto a MTI che Fidesz ora dice che \u201cit \u00e8 molto meglio se i loro oligarchi rubano invece della loro gestione\u201d. Lazar ha ammesso che Fidesz non pu\u00f2 tenere sotto controllo i suoi amici nelle aziende agricole statali e ora vuole mettere i terreni agricoli nelle mani dei clienti del partito.<\/p>\n<p>L&#8217;opposizione verde LMP ha affermato che se il governo dispone di informazioni su persone che rubano con terreni agricoli di propriet\u00e0 statale, allora la privatizzazione non \u00e8 la via da seguire, ma dovrebbe essere presentata una denuncia penale.<\/p>\n<p>Il deputato della LMP Benedek R Sallai ha detto che Lazar ha ammesso che i terreni agricoli \u201c dovrebbero essere privatizzati perch\u00e9 i governi socialista e Fidesz si sono alternati nel rubare terreni agricoli di propriet\u00e0 statale. Se Lazar avesse avuto tali informazioni, avrebbe dovuto presentare una denuncia alla polizia e il ministro dell&#8217;agricoltura Sandor Fazekas avrebbe dovuto lasciare il suo incarico, ha detto Sallai.<\/p>\n","protected":false},"excerpt":{"rendered":"<p>Budapest, 7 ottobre (MTI) 7 partito Il nazionalista radicale Jobbik mercoled\u00ec ha invitato il primo ministro Viktor Orban e il capo dell&#8217;ufficio governativo, Janos Lazar, a presentare fatti e prove su \u201cchi sta rubando beni pubblici\u201d. Secondo quanto riportato dalla stampa, Lazar ha dichiarato marted\u00ec ad una sottocommissione parlamentare di vigilanza, in relazione alla prevista [&hellip;]<\/p>\n","protected":false},"author":2,"featured_media":729317,"comment_status":"open","ping_status":"open","sticky":false,"template":"","format":"standard","meta":{"_display_image":"","footnotes":""},"categories":[1185],"tags":[1412,1083],"class_list":["post-729316","post","type-post","status-publish","format-standard","has-post-thumbnail","hentry","category-politica-in-ungheria","tag-jobbik","tag-viktor-orban"],"blocksy_meta":[],"author_username":"alk","telegram_post":"","public_post_metadata":{"breaking_news":"","important":"","csempe":"","center_tile":"","disable_thumbnail":"","target_lang":"","_featured_image_style":"","telegram_post":"","_xlat_group_id":""},"public_rank_math_data":{"title":"%titolo% %sep% %nomesito%","description":"","focus_keyword":"","canonical_url":"","robots":"","primary_category":"1185","breadcrumb_title":"","facebook_title":"","facebook_description":"","facebook_image":"","facebook_image_id":"","twitter_title":"","twitter_description":"","twitter_image":"","twitter_image_id":"","twitter_card_type":"","twitter_use_facebook":"","advanced_robots":"","pillar_content":"","seo_score":"","contentai_score":"","rich_snippet":""},"_links":{"self":[{"href":"https:\/\/dailynewshungary.com\/it\/wp-json\/wp\/v2\/posts\/729316","targetHints":{"allow":["GET"]}}],"collection":[{"href":"https:\/\/dailynewshungary.com\/it\/wp-json\/wp\/v2\/posts"}],"about":[{"href":"https:\/\/dailynewshungary.com\/it\/wp-json\/wp\/v2\/types\/post"}],"author":[{"embeddable":true,"href":"https:\/\/dailynewshungary.com\/it\/wp-json\/wp\/v2\/users\/2"}],"replies":[{"embeddable":true,"href":"https:\/\/dailynewshungary.com\/it\/wp-json\/wp\/v2\/comments?post=729316"}],"version-history":[{"count":0,"href":"https:\/\/dailynewshungary.com\/it\/wp-json\/wp\/v2\/posts\/729316\/revisions"}],"wp:featuredmedia":[{"embeddable":true,"href":"https:\/\/dailynewshungary.com\/it\/wp-json\/wp\/v2\/media\/729317"}],"wp:attachment":[{"href":"https:\/\/dailynewshungary.com\/it\/wp-json\/wp\/v2\/media?parent=729316"}],"wp:term":[{"taxonomy":"category","embeddable":true,"href":"https:\/\/dailynewshungary.com\/it\/wp-json\/wp\/v2\/categories?post=729316"},{"taxonomy":"post_tag","embeddable":true,"href":"https:\/\/dailynewshungary.com\/it\/wp-json\/wp\/v2\/tags?post=729316"}],"curies":[{"name":"wp","href":"https:\/\/api.w.org\/{rel}","templated":true}]}}