{"id":729434,"date":"2015-10-03T09:00:19","date_gmt":"2015-10-03T07:00:19","guid":{"rendered":"https:\/\/dailynewshungary.com\/it\/il-centro-di-accoglienza-dei-rifugiati-di-debrecen-chiudera\/"},"modified":"2015-10-03T09:00:19","modified_gmt":"2015-10-03T07:00:19","slug":"il-centro-di-accoglienza-dei-rifugiati-di-debrecen-chiudera","status":"publish","type":"post","link":"https:\/\/dailynewshungary.com\/it\/il-centro-di-accoglienza-dei-rifugiati-di-debrecen-chiudera\/","title":{"rendered":"Il centro di accoglienza dei rifugiati di Debrecen chiuder\u00e0"},"content":{"rendered":"<p><strong>Budapest (MTI) 2019 Il capogruppo al potere Fidesz ha annunciato venerd\u00ec l&#8217;intenzione di chiudere il centro di accoglienza per rifugiati nella citt\u00e0 di Debrecen, nell&#8217;Ungheria orientale, entro la fine di novembre.<\/strong><\/p>\n<p>Il centro \u201cha causato molti problemi\u201d e dovrebbe essere chiuso presto, ha detto Lajos Kosa, ex sindaco della citt\u00e0, in una conferenza stampa dopo i colloqui con il ministro degli Interni Sandor Pinter gioved\u00ec. Una proposta correlata sar\u00e0 presentata al governo venerd\u00ec, ha aggiunto.<\/p>\n<p>Complessivamente 3.500 studenti stranieri studiano in citt\u00e0, pagando le tasse universitarie e rispettando le regole, ha detto Kosa. Molti nel centro di accoglienza \u201c non sono come queste [persone]\u201d. \u201cIl modo in cui si comportano mette in pericolo i residenti locali e la reputazione dell&#8217;universit\u00e0 di Debrecen, ha detto\u201d Kosa.<\/p>\n<p>Il sito rimarr\u00e0 di propriet\u00e0 statale e l\u00ec potrebbe essere trasferita un&#8217;unit\u00e0 di polizia antisommossa della vicina Nyirbator.<\/p>\n<p>Attualmente ci sono circa 70-100 residenti nel centro, secondo il corrispondente di MTI.<\/p>\n<p><em>Foto: MTI<\/em><\/p>\n","protected":false},"excerpt":{"rendered":"<p>Budapest (MTI) 2019 Il capogruppo al potere Fidesz ha annunciato venerd\u00ec l&#8217;intenzione di chiudere il centro di accoglienza per rifugiati nella citt\u00e0 di Debrecen, nell&#8217;Ungheria orientale, entro la fine di novembre. Il centro \u201cha causato molti problemi\u201d e dovrebbe essere chiuso presto, ha detto Lajos Kosa, ex sindaco della citt\u00e0, in una conferenza stampa dopo [&hellip;]<\/p>\n","protected":false},"author":2,"featured_media":729435,"comment_status":"open","ping_status":"open","sticky":false,"template":"","format":"standard","meta":{"_display_image":"","footnotes":""},"categories":[1185],"tags":[1291],"class_list":["post-729434","post","type-post","status-publish","format-standard","has-post-thumbnail","hentry","category-politica-in-ungheria","tag-migrazione"],"blocksy_meta":[],"author_username":"alk","telegram_post":"","public_post_metadata":{"breaking_news":"","important":"","csempe":"","center_tile":"","disable_thumbnail":"","target_lang":"","_featured_image_style":"","telegram_post":"","_xlat_group_id":""},"public_rank_math_data":{"title":"%titolo% %sep% %nomesito%","description":"","focus_keyword":"","canonical_url":"","robots":"","primary_category":"1185","breadcrumb_title":"","facebook_title":"","facebook_description":"","facebook_image":"","facebook_image_id":"","twitter_title":"","twitter_description":"","twitter_image":"","twitter_image_id":"","twitter_card_type":"","twitter_use_facebook":"","advanced_robots":"","pillar_content":"","seo_score":"","contentai_score":"","rich_snippet":""},"_links":{"self":[{"href":"https:\/\/dailynewshungary.com\/it\/wp-json\/wp\/v2\/posts\/729434","targetHints":{"allow":["GET"]}}],"collection":[{"href":"https:\/\/dailynewshungary.com\/it\/wp-json\/wp\/v2\/posts"}],"about":[{"href":"https:\/\/dailynewshungary.com\/it\/wp-json\/wp\/v2\/types\/post"}],"author":[{"embeddable":true,"href":"https:\/\/dailynewshungary.com\/it\/wp-json\/wp\/v2\/users\/2"}],"replies":[{"embeddable":true,"href":"https:\/\/dailynewshungary.com\/it\/wp-json\/wp\/v2\/comments?post=729434"}],"version-history":[{"count":0,"href":"https:\/\/dailynewshungary.com\/it\/wp-json\/wp\/v2\/posts\/729434\/revisions"}],"wp:featuredmedia":[{"embeddable":true,"href":"https:\/\/dailynewshungary.com\/it\/wp-json\/wp\/v2\/media\/729435"}],"wp:attachment":[{"href":"https:\/\/dailynewshungary.com\/it\/wp-json\/wp\/v2\/media?parent=729434"}],"wp:term":[{"taxonomy":"category","embeddable":true,"href":"https:\/\/dailynewshungary.com\/it\/wp-json\/wp\/v2\/categories?post=729434"},{"taxonomy":"post_tag","embeddable":true,"href":"https:\/\/dailynewshungary.com\/it\/wp-json\/wp\/v2\/tags?post=729434"}],"curies":[{"name":"wp","href":"https:\/\/api.w.org\/{rel}","templated":true}]}}