{"id":729466,"date":"2015-10-02T10:02:12","date_gmt":"2015-10-02T08:02:12","guid":{"rendered":"https:\/\/dailynewshungary.com\/it\/il-leader-del-partito-per-lindipendenza-del-regno-unito-nigel-farage-elogia-la-gestione-della-crisi-migratoria-da-parte-del-primo-ministro-viktor-orban-video\/"},"modified":"2015-10-02T10:02:12","modified_gmt":"2015-10-02T08:02:12","slug":"il-leader-del-partito-per-lindipendenza-del-regno-unito-nigel-farage-elogia-la-gestione-della-crisi-migratoria-da-parte-del-primo-ministro-viktor-orban-video","status":"publish","type":"post","link":"https:\/\/dailynewshungary.com\/it\/il-leader-del-partito-per-lindipendenza-del-regno-unito-nigel-farage-elogia-la-gestione-della-crisi-migratoria-da-parte-del-primo-ministro-viktor-orban-video\/","title":{"rendered":"Il leader del Partito per l\u2019Indipendenza del Regno Unito Nigel Farage elogia la gestione della crisi migratoria da parte del Primo Ministro Viktor Orb\u00e1n VIDEO"},"content":{"rendered":"<p><strong>La massiccia ondata di migranti che inonda l&#8217;Europa \u00e8 una catastrofe provocata dall&#8217;uomo, certo \u00c8 il prodotto della politica estera interventista statunitense e dell&#8217;UE e dell&#8217;ossessione per il cambio di regime che \u00e8 particolarmente perniciosa a Washington L&#8217;Ungheria \u00e8 stata originariamente accusata di aver cercato di trattenere le porte, ma mentre Austria e Germania vedevano cosa stava arrivando sembra che l&#8217;Ungheria stesse cercando di fare loro un favore Il Rapporto sulla Libert\u00e0 di oggi \u00e8 affiancato dal leader del Partito per l&#8217;Indipendenza del Regno Unito Nigel Farage per discutere l&#8217;impatto della crisi migratoria sull&#8217;UE e anche se un referendum del Regno Unito sull&#8217;adesione all&#8217;UE ha qualche possibilit\u00e0 di passare:<\/strong><\/p>\n<p><iframe loading=\"lazy\" src=\"https:\/\/www.youtube.com\/embed\/o-uoaIorfVU\" width=\"560\" height=\"315\" frameborder=\"0\" allowfullscreen=\"allowfullscreen\"><\/iframe><\/p>\n<p><i>scritto da daniel mcadams<\/i><\/p>\n","protected":false},"excerpt":{"rendered":"<p>La massiccia ondata di migranti che inonda l&#8217;Europa \u00e8 una catastrofe provocata dall&#8217;uomo, certo \u00c8 il prodotto della politica estera interventista statunitense e dell&#8217;UE e dell&#8217;ossessione per il cambio di regime che \u00e8 particolarmente perniciosa a Washington L&#8217;Ungheria \u00e8 stata originariamente accusata di aver cercato di trattenere le porte, ma mentre Austria e Germania vedevano [&hellip;]<\/p>\n","protected":false},"author":2,"featured_media":729467,"comment_status":"open","ping_status":"open","sticky":false,"template":"","format":"standard","meta":{"_display_image":"","footnotes":""},"categories":[1185],"tags":[1124],"class_list":["post-729466","post","type-post","status-publish","format-standard","has-post-thumbnail","hentry","category-politica-in-ungheria","tag-video"],"blocksy_meta":[],"author_username":"alk","telegram_post":"","public_post_metadata":{"breaking_news":"","important":"","csempe":"","center_tile":"","disable_thumbnail":"","target_lang":"","_featured_image_style":"","telegram_post":"","_xlat_group_id":""},"public_rank_math_data":{"title":"%titolo% %sep% %nomesito%","description":"","focus_keyword":"","canonical_url":"","robots":"","primary_category":"1185","breadcrumb_title":"","facebook_title":"","facebook_description":"","facebook_image":"","facebook_image_id":"","twitter_title":"","twitter_description":"","twitter_image":"","twitter_image_id":"","twitter_card_type":"","twitter_use_facebook":"","advanced_robots":"","pillar_content":"","seo_score":"","contentai_score":"","rich_snippet":""},"_links":{"self":[{"href":"https:\/\/dailynewshungary.com\/it\/wp-json\/wp\/v2\/posts\/729466","targetHints":{"allow":["GET"]}}],"collection":[{"href":"https:\/\/dailynewshungary.com\/it\/wp-json\/wp\/v2\/posts"}],"about":[{"href":"https:\/\/dailynewshungary.com\/it\/wp-json\/wp\/v2\/types\/post"}],"author":[{"embeddable":true,"href":"https:\/\/dailynewshungary.com\/it\/wp-json\/wp\/v2\/users\/2"}],"replies":[{"embeddable":true,"href":"https:\/\/dailynewshungary.com\/it\/wp-json\/wp\/v2\/comments?post=729466"}],"version-history":[{"count":0,"href":"https:\/\/dailynewshungary.com\/it\/wp-json\/wp\/v2\/posts\/729466\/revisions"}],"wp:featuredmedia":[{"embeddable":true,"href":"https:\/\/dailynewshungary.com\/it\/wp-json\/wp\/v2\/media\/729467"}],"wp:attachment":[{"href":"https:\/\/dailynewshungary.com\/it\/wp-json\/wp\/v2\/media?parent=729466"}],"wp:term":[{"taxonomy":"category","embeddable":true,"href":"https:\/\/dailynewshungary.com\/it\/wp-json\/wp\/v2\/categories?post=729466"},{"taxonomy":"post_tag","embeddable":true,"href":"https:\/\/dailynewshungary.com\/it\/wp-json\/wp\/v2\/tags?post=729466"}],"curies":[{"name":"wp","href":"https:\/\/api.w.org\/{rel}","templated":true}]}}