{"id":729480,"date":"2015-10-01T18:52:33","date_gmt":"2015-10-01T16:52:33","guid":{"rendered":"https:\/\/dailynewshungary.com\/it\/szijjarto-ungheresi-nel-1956-incomparabili-allattuale-migrazione-di-massa\/"},"modified":"2015-10-01T18:52:33","modified_gmt":"2015-10-01T16:52:33","slug":"szijjarto-ungheresi-nel-1956-incomparabili-allattuale-migrazione-di-massa","status":"publish","type":"post","link":"https:\/\/dailynewshungary.com\/it\/szijjarto-ungheresi-nel-1956-incomparabili-allattuale-migrazione-di-massa\/","title":{"rendered":"Szijjarto: ungheresi nel 1956 incomparabili all\u2019attuale migrazione di massa"},"content":{"rendered":"<p><strong>New York, 1 ottobre (MTI) 1 La situazione degli ungheresi che hanno lasciato il paese dopo la rivolta antisovietica del 1956 non pu\u00f2 essere paragonata all&#8217;attuale migrazione di massa, ha detto gioved\u00ec il ministro degli Esteri Peter Szijjarto in un incontro con Jan Eliasson, vice segretario generale delle Nazioni Unite.<\/strong><\/p>\n<p>\u201cNon dobbiamo permettere che la situazione delle persone fuggite dalla dittatura comunista in Ungheria negli anni &#8217;50 venga paragonata all&#8217;attuale migrazione di massa, ha detto a MTI dopo l&#8217;incontro.<\/p>\n<p>\u201cI fatti sono che gli ungheresi che hanno lasciato le loro case dopo il 1956 erano pacifici e hanno cooperato con le autorit\u00e0 di paesi stranieri; hanno rispettato le leggi di altri paesi e non hanno attaccato i funzionari di questi paesi Ci\u00f2 a cui stiamo assistendo ora \u00e8 che l&#8217;attuale ondata migratoria \u00e8 accoppiata con una grande aggressione e un numero significativo di migranti non rispetta le leggi e i regolamenti di altri paesi e dell&#8217;Europa, ha aggiunto\u201d.<\/p>\n<p>Queste due situazioni sono incomparabili e chiunque affermi il contrario dovrebbe essere confutato, ha detto.<\/p>\n<p>Szijjarto ha detto di essere d&#8217;accordo con Eliasson sul fatto che l&#8217;ondata migratoria \u00e8 una sfida globale e che sono necessarie risposte globali L&#8217;Europa non dovrebbe essere lasciata sola Inoltre, le attuali tendenze globali come l&#8217;accesso sempre pi\u00f9 difficile all&#8217;acqua, il cambiamento climatico e i conflitti bellici prolungati puntano tutti nella direzione della migrazione di massa rimanendo un problema a lungo termine, ha aggiunto Szijjarto.<\/p>\n<p><strong>Articolo correlato:<br \/>\n<\/strong><span style=\"color: #0000ff;\"><a style=\"color: #0000ff;\" href=\"https:\/\/dailynewshungary.com\/it\/quali-sono-le-principali-differenze-tra-la-crisi-ungherese-del-56-e-quella-attuale-dei-rifugiati\/\" target=\"_blank\">QUALI SONO LE PRINCIPALI DIFFERENZE TRA LA CRISI UNGHERESE DEL &#8217;56 E QUELLA ATTUALE DEI RIFUGIATI?<\/a><\/span><strong><br \/>\n<\/strong><span style=\"color: #0000ff;\"><a style=\"color: #0000ff;\" href=\"https:\/\/dailynewshungary.com\/it\/film-sulleroe-del-1956\/\" target=\"_blank\">FILM SULL&#8217;EROE DEL 1956<\/a><\/span><\/p>\n<p><em>Foto: vagy.hu<\/em><\/p>\n","protected":false},"excerpt":{"rendered":"<p>New York, 1 ottobre (MTI) 1 La situazione degli ungheresi che hanno lasciato il paese dopo la rivolta antisovietica del 1956 non pu\u00f2 essere paragonata all&#8217;attuale migrazione di massa, ha detto gioved\u00ec il ministro degli Esteri Peter Szijjarto in un incontro con Jan Eliasson, vice segretario generale delle Nazioni Unite. \u201cNon dobbiamo permettere che la [&hellip;]<\/p>\n","protected":false},"author":2,"featured_media":729481,"comment_status":"open","ping_status":"open","sticky":false,"template":"","format":"standard","meta":{"_display_image":"","footnotes":""},"categories":[1185],"tags":[1291,1092,1223],"class_list":["post-729480","post","type-post","status-publish","format-standard","has-post-thumbnail","hentry","category-politica-in-ungheria","tag-migrazione","tag-ministero-degli-affari-esteri-dellungheria","tag-storia"],"blocksy_meta":[],"author_username":"alk","telegram_post":"","public_post_metadata":{"breaking_news":"","important":"","csempe":"","center_tile":"","disable_thumbnail":"","target_lang":"","_featured_image_style":"","telegram_post":"","_xlat_group_id":""},"public_rank_math_data":{"title":"%titolo% %sep% %nomesito%","description":"","focus_keyword":"","canonical_url":"","robots":"","primary_category":"1185","breadcrumb_title":"","facebook_title":"","facebook_description":"","facebook_image":"","facebook_image_id":"","twitter_title":"","twitter_description":"","twitter_image":"","twitter_image_id":"","twitter_card_type":"","twitter_use_facebook":"","advanced_robots":"","pillar_content":"","seo_score":"","contentai_score":"","rich_snippet":""},"_links":{"self":[{"href":"https:\/\/dailynewshungary.com\/it\/wp-json\/wp\/v2\/posts\/729480","targetHints":{"allow":["GET"]}}],"collection":[{"href":"https:\/\/dailynewshungary.com\/it\/wp-json\/wp\/v2\/posts"}],"about":[{"href":"https:\/\/dailynewshungary.com\/it\/wp-json\/wp\/v2\/types\/post"}],"author":[{"embeddable":true,"href":"https:\/\/dailynewshungary.com\/it\/wp-json\/wp\/v2\/users\/2"}],"replies":[{"embeddable":true,"href":"https:\/\/dailynewshungary.com\/it\/wp-json\/wp\/v2\/comments?post=729480"}],"version-history":[{"count":0,"href":"https:\/\/dailynewshungary.com\/it\/wp-json\/wp\/v2\/posts\/729480\/revisions"}],"wp:featuredmedia":[{"embeddable":true,"href":"https:\/\/dailynewshungary.com\/it\/wp-json\/wp\/v2\/media\/729481"}],"wp:attachment":[{"href":"https:\/\/dailynewshungary.com\/it\/wp-json\/wp\/v2\/media?parent=729480"}],"wp:term":[{"taxonomy":"category","embeddable":true,"href":"https:\/\/dailynewshungary.com\/it\/wp-json\/wp\/v2\/categories?post=729480"},{"taxonomy":"post_tag","embeddable":true,"href":"https:\/\/dailynewshungary.com\/it\/wp-json\/wp\/v2\/tags?post=729480"}],"curies":[{"name":"wp","href":"https:\/\/api.w.org\/{rel}","templated":true}]}}